{"id":61413,"date":"2016-02-15T10:35:59","date_gmt":"2016-02-15T08:35:59","guid":{"rendered":"http:\/\/www.sana.sy\/tr\/?p=61413"},"modified":"2016-02-15T14:38:52","modified_gmt":"2016-02-15T12:38:52","slug":"sanaya-aciklama-yapan-askeri-kaynak-hava-guclerimizin-deyrezzor-havalimaninin-batisina-ek-olarak-il-kirsalinin-mureyiye-ve-bgayliye-bolgelerinde-isid-orgutunun-karargah-ve-araclarini-muhteval","status":"publish","type":"post","link":"https:\/\/archive.sana.sy\/tr\/?p=61413","title":{"rendered":"SANA\u2019ya a\u00e7\u0131klama yapan askeri kaynak Hava g\u00fc\u00e7lerimizin Deyrezzor Havaliman\u0131n\u0131n bat\u0131s\u0131na ek olarak il k\u0131rsal\u0131n\u0131n Mureyiye ve B\u011fayliye b\u00f6lgelerinde I\u015e\u0130D \u00d6rg\u00fct\u00fcn\u00fcn karargah ve ara\u00e7lar\u0131n\u0131 muhtevalar\u0131yla imha ettiklerini belirtti"},"content":{"rendered":"<p>SANA\u2019ya a\u00e7\u0131klama yapan askeri kaynak Hava g\u00fc\u00e7lerimizin Deyrezzor Havaliman\u0131n\u0131n bat\u0131s\u0131na ek olarak il k\u0131rsal\u0131n\u0131n Mureyiye ve B\u011fayliye b\u00f6lgelerinde I\u015e\u0130D \u00d6rg\u00fct\u00fcn\u00fcn karargah ve ara\u00e7lar\u0131n\u0131 muhtevalar\u0131yla imha ettiklerini belirtti<\/p>\n","protected":false},"excerpt":{"rendered":"<p>SANA\u2019ya a\u00e7\u0131klama yapan askeri kaynak Hava g\u00fc\u00e7lerimizin Deyrezzor Havaliman\u0131n\u0131n bat\u0131s\u0131na ek olarak il k\u0131rsal\u0131n\u0131n Mureyiye ve B\u011fayliye b\u00f6lgelerinde I\u015e\u0130D \u00d6rg\u00fct\u00fcn\u00fcn karargah ve ara\u00e7lar\u0131n\u0131 muhtevalar\u0131yla imha ettiklerini belirtti<\/p>\n","protected":false},"author":1,"featured_media":0,"comment_status":"closed","ping_status":"closed","sticky":false,"template":"","format":"standard","meta":{"footnotes":""},"categories":[17991],"tags":[],"class_list":["post-61413","post","type-post","status-publish","format-standard","","category-son-dakika"],"_links":{"self":[{"href":"https:\/\/archive.sana.sy\/tr\/index.php?rest_route=\/wp\/v2\/posts\/61413","targetHints":{"allow":["GET"]}}],"collection":[{"href":"https:\/\/archive.sana.sy\/tr\/index.php?rest_route=\/wp\/v2\/posts"}],"about":[{"href":"https:\/\/archive.sana.sy\/tr\/index.php?rest_route=\/wp\/v2\/types\/post"}],"author":[{"embeddable":true,"href":"https:\/\/archive.sana.sy\/tr\/index.php?rest_route=\/wp\/v2\/users\/1"}],"replies":[{"embeddable":true,"href":"https:\/\/archive.sana.sy\/tr\/index.php?rest_route=%2Fwp%2Fv2%2Fcomments&post=61413"}],"version-history":[{"count":0,"href":"https:\/\/archive.sana.sy\/tr\/index.php?rest_route=\/wp\/v2\/posts\/61413\/revisions"}],"wp:attachment":[{"href":"https:\/\/archive.sana.sy\/tr\/index.php?rest_route=%2Fwp%2Fv2%2Fmedia&parent=61413"}],"wp:term":[{"taxonomy":"category","embeddable":true,"href":"https:\/\/archive.sana.sy\/tr\/index.php?rest_route=%2Fwp%2Fv2%2Fcategories&post=61413"},{"taxonomy":"post_tag","embeddable":true,"href":"https:\/\/archive.sana.sy\/tr\/index.php?rest_route=%2Fwp%2Fv2%2Ftags&post=61413"}],"curies":[{"name":"wp","href":"https:\/\/api.w.org\/{rel}","templated":true}]}}