{"id":61422,"date":"2016-02-15T11:10:21","date_gmt":"2016-02-15T09:10:21","guid":{"rendered":"http:\/\/www.sana.sy\/tr\/?p=61422"},"modified":"2016-02-16T15:19:18","modified_gmt":"2016-02-16T13:19:18","slug":"insani-yardimlar-devam-ediyor","status":"publish","type":"post","link":"https:\/\/archive.sana.sy\/tr\/?p=61422","title":{"rendered":"\u0130nsani Yard\u0131mlar Devam Ediyor"},"content":{"rendered":"<p>\u015eAM KIRSALI \u2013 \u015eam\u2019\u0131n g\u00fcney kenarlar\u0131nda Filistinli m\u00fcltecilerin yo\u011fun olarak ya\u015fad\u0131klar\u0131 Yerm\u00fck Semtinde ba\u015fta I\u015e\u0130D olmak \u00fczere muhtelif isimler alt\u0131ndaki ter\u00f6r \u00f6rg\u00fctlerin vah\u015fetinden ka\u00e7an ve \u015eam k\u0131rsal\u0131n\u0131n Yelda, Babbila ve Beyt Sahm beldelerinde ge\u00e7ici ikamet merkezlerinde bulunan ter\u00f6r ma\u011fdurlar\u0131na insani yard\u0131m da\u011f\u0131tma \u00e7al\u0131\u015fmalar\u0131 devam ediyor.<\/p>\n<p>Suriye h\u00fck\u00fcmetinin deste\u011fi ve \u0130nsani Yard\u0131m Y\u00fcksek Komisyonunun denetimiyle Filistinli M\u00fclteciler Genel Kurumu ve BM Filistinli M\u00fcltecilere Yard\u0131m ve \u00c7al\u0131\u015ft\u0131rma Ajans\u0131 UNRWA\u2019n\u0131n i\u015fbirli\u011fi ile da\u011f\u0131t\u0131lan yard\u0131m paketlerinde muhtelif t\u00fcr g\u0131da \u00fcr\u00fcnlerinin yan\u0131 s\u0131ra t\u0131bbi yard\u0131mlar da bulunuyor.<\/p>\n<p>Filistinli M\u00fclteciler Genel Kurumu M\u00fcd\u00fcr\u00fc Ali Mustafa ter\u00f6r ma\u011fdurlar\u0131n\u0131n sosyal ve t\u0131bbi durumlar\u0131n\u0131n daimi bir \u015fekilde kontrol alt\u0131nda tutuldu\u011funu, gerekli t\u00fcm yard\u0131mlar\u0131n da yap\u0131ld\u0131\u011f\u0131n\u0131 s\u00f6yledi.<\/p>\n","protected":false},"excerpt":{"rendered":"<p>\u015eAM KIRSALI \u2013 \u015eam\u2019\u0131n g\u00fcney kenarlar\u0131nda Filistinli m\u00fcltecilerin yo\u011fun olarak ya\u015fad\u0131klar\u0131 Yerm\u00fck Semtinde ba\u015fta I\u015e\u0130D olmak \u00fczere muhtelif isimler alt\u0131ndaki ter\u00f6r \u00f6rg\u00fctlerin vah\u015fetinden ka\u00e7an ve \u015eam k\u0131rsal\u0131n\u0131n Yelda, Babbila ve Beyt Sahm beldelerinde ge\u00e7ici ikamet merkezlerinde bulunan ter\u00f6r ma\u011fdurlar\u0131na insani yard\u0131m da\u011f\u0131tma \u00e7al\u0131\u015fmalar\u0131 devam ediyor. Suriye h\u00fck\u00fcmetinin deste\u011fi ve \u0130nsani Yard\u0131m Y\u00fcksek Komisyonunun denetimiyle Filistinli &hellip;<\/p>\n","protected":false},"author":1,"featured_media":61423,"comment_status":"closed","ping_status":"closed","sticky":false,"template":"","format":"standard","meta":{"footnotes":""},"categories":[575,17988],"tags":[19237],"class_list":["post-61422","post","type-post","status-publish","format-standard","has-post-thumbnail","","category-olaylar-ve-gercekler","category-son-haberler","tag-insani-yardimlar-devam-ediyor"],"_links":{"self":[{"href":"https:\/\/archive.sana.sy\/tr\/index.php?rest_route=\/wp\/v2\/posts\/61422","targetHints":{"allow":["GET"]}}],"collection":[{"href":"https:\/\/archive.sana.sy\/tr\/index.php?rest_route=\/wp\/v2\/posts"}],"about":[{"href":"https:\/\/archive.sana.sy\/tr\/index.php?rest_route=\/wp\/v2\/types\/post"}],"author":[{"embeddable":true,"href":"https:\/\/archive.sana.sy\/tr\/index.php?rest_route=\/wp\/v2\/users\/1"}],"replies":[{"embeddable":true,"href":"https:\/\/archive.sana.sy\/tr\/index.php?rest_route=%2Fwp%2Fv2%2Fcomments&post=61422"}],"version-history":[{"count":0,"href":"https:\/\/archive.sana.sy\/tr\/index.php?rest_route=\/wp\/v2\/posts\/61422\/revisions"}],"wp:featuredmedia":[{"embeddable":true,"href":"https:\/\/archive.sana.sy\/tr\/index.php?rest_route=\/wp\/v2\/media\/61423"}],"wp:attachment":[{"href":"https:\/\/archive.sana.sy\/tr\/index.php?rest_route=%2Fwp%2Fv2%2Fmedia&parent=61422"}],"wp:term":[{"taxonomy":"category","embeddable":true,"href":"https:\/\/archive.sana.sy\/tr\/index.php?rest_route=%2Fwp%2Fv2%2Fcategories&post=61422"},{"taxonomy":"post_tag","embeddable":true,"href":"https:\/\/archive.sana.sy\/tr\/index.php?rest_route=%2Fwp%2Fv2%2Ftags&post=61422"}],"curies":[{"name":"wp","href":"https:\/\/api.w.org\/{rel}","templated":true}]}}