{"id":61430,"date":"2016-02-15T12:25:37","date_gmt":"2016-02-15T10:25:37","guid":{"rendered":"http:\/\/www.sana.sy\/tr\/?p=61430"},"modified":"2016-02-15T15:26:17","modified_gmt":"2016-02-15T13:26:17","slug":"rusya-disisleri-bakani-yardimcisi-gennady-gatilov-suriyede-ateskes-anlasmasinin-saglanmasi-halinde-bile-teroristlere-yonelik-hava-operasyonlarini-surdurecegini-vurguladi","status":"publish","type":"post","link":"https:\/\/archive.sana.sy\/tr\/?p=61430","title":{"rendered":"Rusya D\u0131\u015fi\u015fleri Bakan\u0131 Yard\u0131mc\u0131s\u0131 Gennady Gatilov Suriye&#8217;de ate\u015fkes anla\u015fmas\u0131n\u0131n sa\u011flanmas\u0131 halinde bile ter\u00f6ristlere y\u00f6nelik hava operasyonlar\u0131n\u0131 s\u00fcrd\u00fcrece\u011fini vurgulad\u0131"},"content":{"rendered":"<p>Rusya D\u0131\u015fi\u015fleri Bakan\u0131 Yard\u0131mc\u0131s\u0131 Gennady Gatilov Suriye&#8217;de ate\u015fkes anla\u015fmas\u0131n\u0131n sa\u011flanmas\u0131 halinde bile ter\u00f6ristlere y\u00f6nelik hava operasyonlar\u0131n\u0131 s\u00fcrd\u00fcrece\u011fini vurgulad\u0131<\/p>\n","protected":false},"excerpt":{"rendered":"<p>Rusya D\u0131\u015fi\u015fleri Bakan\u0131 Yard\u0131mc\u0131s\u0131 Gennady Gatilov Suriye&#8217;de ate\u015fkes anla\u015fmas\u0131n\u0131n sa\u011flanmas\u0131 halinde bile ter\u00f6ristlere y\u00f6nelik hava operasyonlar\u0131n\u0131 s\u00fcrd\u00fcrece\u011fini vurgulad\u0131<\/p>\n","protected":false},"author":1,"featured_media":0,"comment_status":"closed","ping_status":"closed","sticky":false,"template":"","format":"standard","meta":{"footnotes":""},"categories":[17991],"tags":[],"class_list":["post-61430","post","type-post","status-publish","format-standard","","category-son-dakika"],"_links":{"self":[{"href":"https:\/\/archive.sana.sy\/tr\/index.php?rest_route=\/wp\/v2\/posts\/61430","targetHints":{"allow":["GET"]}}],"collection":[{"href":"https:\/\/archive.sana.sy\/tr\/index.php?rest_route=\/wp\/v2\/posts"}],"about":[{"href":"https:\/\/archive.sana.sy\/tr\/index.php?rest_route=\/wp\/v2\/types\/post"}],"author":[{"embeddable":true,"href":"https:\/\/archive.sana.sy\/tr\/index.php?rest_route=\/wp\/v2\/users\/1"}],"replies":[{"embeddable":true,"href":"https:\/\/archive.sana.sy\/tr\/index.php?rest_route=%2Fwp%2Fv2%2Fcomments&post=61430"}],"version-history":[{"count":0,"href":"https:\/\/archive.sana.sy\/tr\/index.php?rest_route=\/wp\/v2\/posts\/61430\/revisions"}],"wp:attachment":[{"href":"https:\/\/archive.sana.sy\/tr\/index.php?rest_route=%2Fwp%2Fv2%2Fmedia&parent=61430"}],"wp:term":[{"taxonomy":"category","embeddable":true,"href":"https:\/\/archive.sana.sy\/tr\/index.php?rest_route=%2Fwp%2Fv2%2Fcategories&post=61430"},{"taxonomy":"post_tag","embeddable":true,"href":"https:\/\/archive.sana.sy\/tr\/index.php?rest_route=%2Fwp%2Fv2%2Ftags&post=61430"}],"curies":[{"name":"wp","href":"https:\/\/api.w.org\/{rel}","templated":true}]}}