{"id":61436,"date":"2016-02-15T12:48:55","date_gmt":"2016-02-15T10:48:55","guid":{"rendered":"http:\/\/www.sana.sy\/tr\/?p=61436"},"modified":"2016-02-15T15:29:15","modified_gmt":"2016-02-15T13:29:15","slug":"turkiye-rejiminin-bu-provokator-adimlarinin-dakik-bir-sekilde-degerlendirilmesi-icin-meselenin-bm-guvenlik-konseyinde-tartisilmasina-rusyanin-desteginin-ifade-edildigi-beyanda-soz-konusu-sal","status":"publish","type":"post","link":"https:\/\/archive.sana.sy\/tr\/?p=61436","title":{"rendered":"T\u00fcrkiye rejiminin bu provokat\u00f6r ad\u0131mlar\u0131n\u0131n dakik bir \u015fekilde de\u011ferlendirilmesi i\u00e7in meselenin BM G\u00fcvenlik Konseyinde tart\u0131\u015f\u0131lmas\u0131na Rusya\u2019n\u0131n deste\u011finin ifade edildi\u011fi beyanda; s\u00f6z konusu sald\u0131r\u0131lar\u0131n Ortado\u011fu B\u00f6lgesi ve d\u0131\u015f\u0131nda g\u00fcvenlik ve bar\u0131\u015f\u0131 tehdit etti\u011finin alt\u0131 \u00e7izildi"},"content":{"rendered":"<p>T\u00fcrkiye rejiminin bu provokat\u00f6r ad\u0131mlar\u0131n\u0131n dakik bir \u015fekilde de\u011ferlendirilmesi i\u00e7in meselenin BM G\u00fcvenlik Konseyinde tart\u0131\u015f\u0131lmas\u0131na Rusya\u2019n\u0131n deste\u011finin ifade edildi\u011fi beyanda; s\u00f6z konusu sald\u0131r\u0131lar\u0131n Ortado\u011fu B\u00f6lgesi ve d\u0131\u015f\u0131nda g\u00fcvenlik ve bar\u0131\u015f\u0131 tehdit etti\u011finin alt\u0131 \u00e7izildi<\/p>\n","protected":false},"excerpt":{"rendered":"<p>T\u00fcrkiye rejiminin bu provokat\u00f6r ad\u0131mlar\u0131n\u0131n dakik bir \u015fekilde de\u011ferlendirilmesi i\u00e7in meselenin BM G\u00fcvenlik Konseyinde tart\u0131\u015f\u0131lmas\u0131na Rusya\u2019n\u0131n deste\u011finin ifade edildi\u011fi beyanda; s\u00f6z konusu sald\u0131r\u0131lar\u0131n Ortado\u011fu B\u00f6lgesi ve d\u0131\u015f\u0131nda g\u00fcvenlik ve bar\u0131\u015f\u0131 tehdit etti\u011finin alt\u0131 \u00e7izildi<\/p>\n","protected":false},"author":1,"featured_media":0,"comment_status":"closed","ping_status":"closed","sticky":false,"template":"","format":"standard","meta":{"footnotes":""},"categories":[17991],"tags":[],"class_list":["post-61436","post","type-post","status-publish","format-standard","","category-son-dakika"],"_links":{"self":[{"href":"https:\/\/archive.sana.sy\/tr\/index.php?rest_route=\/wp\/v2\/posts\/61436","targetHints":{"allow":["GET"]}}],"collection":[{"href":"https:\/\/archive.sana.sy\/tr\/index.php?rest_route=\/wp\/v2\/posts"}],"about":[{"href":"https:\/\/archive.sana.sy\/tr\/index.php?rest_route=\/wp\/v2\/types\/post"}],"author":[{"embeddable":true,"href":"https:\/\/archive.sana.sy\/tr\/index.php?rest_route=\/wp\/v2\/users\/1"}],"replies":[{"embeddable":true,"href":"https:\/\/archive.sana.sy\/tr\/index.php?rest_route=%2Fwp%2Fv2%2Fcomments&post=61436"}],"version-history":[{"count":0,"href":"https:\/\/archive.sana.sy\/tr\/index.php?rest_route=\/wp\/v2\/posts\/61436\/revisions"}],"wp:attachment":[{"href":"https:\/\/archive.sana.sy\/tr\/index.php?rest_route=%2Fwp%2Fv2%2Fmedia&parent=61436"}],"wp:term":[{"taxonomy":"category","embeddable":true,"href":"https:\/\/archive.sana.sy\/tr\/index.php?rest_route=%2Fwp%2Fv2%2Fcategories&post=61436"},{"taxonomy":"post_tag","embeddable":true,"href":"https:\/\/archive.sana.sy\/tr\/index.php?rest_route=%2Fwp%2Fv2%2Ftags&post=61436"}],"curies":[{"name":"wp","href":"https:\/\/api.w.org\/{rel}","templated":true}]}}