{"id":61443,"date":"2016-02-15T19:45:00","date_gmt":"2016-02-15T17:45:00","guid":{"rendered":"http:\/\/www.sana.sy\/tr\/?p=61443"},"modified":"2016-02-16T16:11:18","modified_gmt":"2016-02-16T14:11:18","slug":"teroristlerin-kayiplari-bir-cig-gibi-buyuyor-2","status":"publish","type":"post","link":"https:\/\/archive.sana.sy\/tr\/?p=61443","title":{"rendered":"Ter\u00f6ristlerin Kay\u0131plar\u0131 Bir \u00c7\u0131\u011f Gibi B\u00fcy\u00fcyor(video)"},"content":{"rendered":"<p>\u0130LLER \u2013 Kahraman ordu birliklerimiz \u00fclkenin de\u011fi\u015fik b\u00f6lgelerinde ter\u00f6re kar\u015f\u0131 sa\u011flad\u0131klar\u0131 ba\u015far\u0131larla g\u00fcvenlik ve istikrar\u0131 sa\u011flama ve g\u00fc\u00e7lendirmeye devam ediyorlar. \u00c7ok say\u0131da ter\u00f6r grubunun tamamen bertaraf edildi\u011fi nitelikli operasyonlarda ter\u00f6r saflar\u0131n\u0131n lojistik ve be\u015feri kay\u0131plar\u0131 bir \u00e7\u0131\u011f gibi b\u00fcy\u00fcyor.<\/p>\n<p><span style=\"color: #0000ff\">HOMS:<\/span><\/p>\n<p>Askeri kaynak SANA\u2019ya a\u00e7\u0131klamas\u0131nda; hava g\u00fc\u00e7lerimizin Homs k\u0131rsal\u0131 el Rek, Ebu Traha ve Unk el Hava k\u00f6ylerinde I\u015e\u0130D ter\u00f6r \u00f6rg\u00fct\u00fcne tabi toplanma yerleri ve ara\u00e7lar\u0131n\u0131 imha ederek \u00e7ok say\u0131da ter\u00f6risti \u00f6l\u00fc ve yaral\u0131 d\u00fc\u015f\u00fcrd\u00fcklerini ifade etti.<\/p>\n<p>Kaynak; Homs k\u0131rsal\u0131n\u0131n do\u011fusu ve g\u00fcneydo\u011fusu Tedmur ve Karyeteyn kentlerinin yan\u0131 s\u0131ra Kessarat B\u00f6lgesinde de hava g\u00fc\u00e7lerimizin tekfircilerin siper ve hareket eksinlerine kar\u015f\u0131 hava operasyonlar\u0131nda bir\u00e7ok ter\u00f6risti su\u00e7 edatlar\u0131yla birlikte etkisizle\u015ftirdiklerini aktard\u0131.<\/p>\n<p>Hava g\u00fc\u00e7lerimizin Homs k\u0131rsal\u0131n\u0131n kuzeyi \u011eantu ve Um el Riy\u015f k\u00f6ylerinde I\u015e\u0130D\u2019in siper ve komuta karargahlar\u0131n\u0131 hedef ald\u0131klar\u0131n\u0131 belirten kaynak; burada da radikal ter\u00f6ristlerin saflar\u0131nda a\u011f\u0131r kay\u0131plara yol a\u00e7t\u0131klar\u0131n\u0131 s\u00f6zlerine ekledi.<\/p>\n<p><span style=\"color: #0000ff\">HAMA:<\/span><\/p>\n<p>\u00d6te yandan hava g\u00fc\u00e7lerimiz Hama k\u0131rsal\u0131 Cana el Elbavi, Ebu Hbiylet, Ebu Hanaya ve Salba k\u00f6ylerine ilaveten Ukeyribbat Beldesinde I\u015e\u0130D\u2019in yuva ve komuta karargahlar\u0131n\u0131 hedef ald\u0131. Operasyonlarda \u00e7ok say\u0131da ter\u00f6rist \u00f6ld\u00fcr\u00fcl\u00fcp havzalar\u0131nda bulunan silah ve m\u00fchimmatlar da imha edildi.<\/p>\n<p><span style=\"color: #0000ff\">\u0130DL\u0130B:<\/span><\/p>\n<p>Saha kaynaklar\u0131; hava g\u00fc\u00e7lerimizin \u0130dlib Kentinin yakla\u015f\u0131k 50 km g\u00fcneydo\u011fusuna d\u00fc\u015fen Ebu Zuhur Beldesinde katil Erdo\u011fan rejimine ba\u011fl\u0131 Nusra Cephesi ve \u00e7at\u0131s\u0131 alt\u0131ndaki ter\u00f6r \u00f6rg\u00fctlere y\u00f6nelik nitelikli operasyonlar\u0131nda \u00e7ok say\u0131da ter\u00f6risti \u00f6ld\u00fcr\u00fcp bir k\u0131sm\u0131 a\u011f\u0131r makineli silahlarla donat\u0131lm\u0131\u015f ara\u00e7lar\u0131n\u0131 yok ettiklerini s\u00f6yledi.<\/p>\n<p>Kaynaklar; \u0130dlib k\u0131rsal\u0131n\u0131n g\u00fcneybat\u0131s\u0131 Kefar Uveyd K\u00f6y\u00fcnde ise Vahhabi \u00c2l Suud ve ihvanc\u0131 Erdo\u011fan rejimlerinin destekledikleri \u2018Fetih Ordusu\u2019nun mevkilerini yo\u011fun ate\u015fe tutan hava g\u00fc\u00e7lerimizin; bir k\u0131sm\u0131 ter\u00f6rist ve cephane ta\u015f\u0131yan bir k\u0131sm\u0131 da a\u011f\u0131r makineli silahlarla donat\u0131lm\u0131\u015f ara\u00e7lar\u0131n\u0131 yok ettiklerini belirtti.<\/p>\n<p>Ak\u015fam saatlerinde a\u00e7\u0131klama yapan bir kaynak; \u0130dlib ve Hama k\u0131rsallar\u0131 Latamina, Ebu Zuhur ve Hamidiye k\u00f6y ve beldelerinde Nusra Cephesi, \u2018Fetih Ordusu\u2019 ve \u2018\u0130zze Toplulu\u011fu\u2019nun mevkilerine y\u00f6nelik operasyonlar\u0131nda tekfircilerin saflar\u0131nda en az 20 ter\u00f6risti \u00f6l\u00fc ve onlarca ter\u00f6risti yaral\u0131 d\u00fc\u015f\u00fcrd\u00fcklerini belirtti.<\/p>\n<p><span style=\"color: #0000ff\">DEYREZZOR:<\/span><\/p>\n<p>Bu arada Deyrezzor k\u0131rsal\u0131nda son 24 saat i\u00e7inde I\u015e\u0130D\u2019in toplanma yerleri ve merkezlerine kar\u015f\u0131 nitelikli operasyonlar\u0131n\u0131 s\u00fcrd\u00fcren hava g\u00fc\u00e7lerimiz; B\u011fayliye K\u00f6y\u00fcnde bir\u00e7ok ter\u00f6risti \u00f6l\u00fc ve yaral\u0131 d\u00fc\u015f\u00fcr\u00fcp a\u011f\u0131r makineli silahlarla donat\u0131lm\u0131\u015f ara\u00e7lar\u0131n\u0131n yan\u0131 s\u0131ra silah ve m\u00fchimmatlar\u0131n\u0131 da imha etti.<\/p>\n<p>Deyrezzor k\u0131rsal\u0131n\u0131n do\u011fusunda da I\u015e\u0130D ter\u00f6r \u00f6rg\u00fct\u00fcn\u00fcn toplanma yerleri ve mevkilerini hedef alan hava g\u00fc\u00e7lerimiz; Mureyiye K\u00f6y\u00fc ve Deyrezzor Askeri Havaliman\u0131n bat\u0131s\u0131nda tekfircileri say\u0131 ve te\u00e7hizatlar\u0131yla b\u00fcy\u00fck kay\u0131plara u\u011fratt\u0131.<\/p>\n<p><span style=\"color: #0000ff\">HALEP:<\/span><\/p>\n<p>Di\u011fer yandan Halep Kenti Bab el Neyreb, Kerm el Katrac\u0131, \u015eeyh H\u0131z\u0131r ve Ensari semtlerinde katil Erdo\u011fan \u00e7etelerinin siperlerine y\u00f6nelik ba\u015far\u0131l\u0131 operasyonlar ger\u00e7ekle\u015ftiren ordu birliklerimiz; operasyonlarda \u00e7ok say\u0131da ter\u00f6risti \u00f6l\u00fc ve yaral\u0131 d\u00fc\u015f\u00fcr\u00fcp silah ve m\u00fchimmatlar\u0131n\u0131 da tahrip etti.<\/p>\n<p>Ak\u015fam saatlerinde a\u00e7\u0131klama yapan bir kaynak; ordu birliklerimizin Halep k\u0131rsal\u0131n\u0131n do\u011fusu Kveyris Nahiyesine tabi Taybe K\u00f6y\u00fc ve mezralar\u0131nda ter\u00f6ristlerin son mevkilerini imha etmeleri ard\u0131ndan kontrollerine ge\u00e7irdiklerini beyan etti. Kaynak; ordu birliklerimize tabi bomba imha ekiplerinin k\u00f6y ve mezralar\u0131na yerle\u015ftirilen may\u0131n ve bubi tuzaklar\u0131n\u0131 etkisizle\u015ftirdiklerini s\u00f6yledi.<\/p>\n<p>Bu arada saha kaynaklar\u0131 SANA\u2019ya a\u00e7\u0131klamalar\u0131nda; ordu birliklerimizin Halep k\u0131rsal\u0131n\u0131n do\u011fusunda Taybe K\u00f6y\u00fc Termik \u0130stasyonu civar\u0131nda I\u015e\u0130D\u2019in siper noktalar\u0131 ve hareket eksenlerine kar\u015f\u0131 dakik operasyonlar ger\u00e7ekle\u015ftirmeleri sonucunda a\u011f\u0131r makineli silahlarla donat\u0131lm\u0131\u015f 12 arac\u0131 y\u00fckleriyle birlikte imha ettiklerini aktard\u0131.<\/p>\n<p>Kaynaklar; ordu birliklerimizin Halep Kentinin yakla\u015f\u0131k 25 km kuzeyine d\u00fc\u015fen Kefar Naya K\u00f6y\u00fcn\u00fc ter\u00f6rden temizleyerek kontrollerine ge\u00e7irdiklerini belirtti.<\/p>\n<p>G\u00fcn\u00fcn ilerleyen saatlerinde a\u00e7\u0131klama yapan saha kaynaklar\u0131; ordu birliklerimizin Halk Savunma G\u00fc\u00e7leriyle i\u015fbirli\u011fi i\u00e7inde Halep k\u0131rsal\u0131n\u0131n kuzeyi Meskan K\u00f6y\u00fcnde ter\u00f6ristleri say\u0131 ve te\u00e7hizatlar\u0131yla a\u011f\u0131r kay\u0131plara u\u011fratmalar\u0131 ard\u0131ndan k\u00f6y\u00fc kontrollerine ald\u0131klar\u0131n\u0131 s\u00f6yledi.<\/p>\n<p>Kaynak; ordu birliklerimizin destek\u00e7i g\u00fc\u00e7lerle i\u015fbirli\u011fi i\u00e7inde Halep k\u0131rsal\u0131n\u0131n kuzeyi Ahrad K\u00f6y\u00fcnde ter\u00f6ristlere kar\u015f\u0131 ba\u015far\u0131l\u0131 operasyonlar ger\u00e7ekle\u015ftirip k\u00f6y\u00fc kontrollerine ge\u00e7irdiklerini aktard\u0131. \u200f<\/p>\n<p>Ordu birliklerimiz Halep k\u0131rsal\u0131n\u0131n kuzeyinde Ahras ve Meskan k\u00f6yleri ahalisinin can ve mal g\u00fcvenli\u011fini kontrollerine ge\u00e7irdi<\/p>\n<p>Saha kaynaklar\u0131 operasyonlarda Erdo\u011fan rejiminden destek ve komuta alan \u00e7ok say\u0131da ter\u00f6ristin \u00f6ld\u00fcr\u00fclmeleriyle sa\u011f kalanlar\u0131n silahlar\u0131n\u0131 b\u0131rakarak T\u00fcrkiye s\u0131n\u0131rlar\u0131na do\u011fru ka\u00e7t\u0131klar\u0131n\u0131 aktard\u0131<\/p>\n<p><span style=\"color: #0000ff\">LAZK\u0130YE:<\/span><\/p>\n<p>Vahhabi \u00c2l Suud ve \u0130hvanc\u0131 Erdo\u011fan rejimlerine ba\u011fl\u0131 ter\u00f6r \u00f6rg\u00fctlere y\u00f6nelik hava operasyonlar\u0131 ger\u00e7ekle\u015ftiren hava g\u00fc\u00e7lerimiz; Kensebba Beldesi ve Banliy\u00f6s\u00fcne ilaveten Ayn Kantra, Toyal Kalesi, \u015eeyh Yusuf ve R\u00fcveyset el Maknas k\u00f6ylerinde yuva ve k\u00fcmelenme yerlerini yo\u011fun ate\u015fe tuttu. Operasyonlarda \u00e7ok say\u0131da ter\u00f6rist \u00f6l\u00fc ve yaral\u0131 d\u00fc\u015f\u00fcr\u00fcl\u00fcp bir k\u0131sm\u0131 a\u011f\u0131r makineli silahlarla donat\u0131lm\u0131\u015f ara\u00e7lar\u0131na ek olarak silah ve te\u00e7hizatlar\u0131 da yok edildi.<\/p>\n<p>Ak\u015fam saatlerinde a\u00e7\u0131klama yapan bir kaynak; ordu birliklerimizin Halk Savunma G\u00fc\u00e7leriyle i\u015fbirli\u011fi i\u00e7inde Lazkiye k\u0131rsal\u0131n\u0131n kuzeyi R\u00fcveyset el Calta, Karm Arz\u0131, Zahret el Krom ve 665 Noktas\u0131n\u0131n Erdo\u011fan \u00e7etelerinden temizleyip kontrollerine ge\u00e7irdiklerini aktard\u0131.<\/p>\n<p>https:\/\/www.youtube.com\/watch?v=TLWHh568PV8<\/p>\n<p>M.M. &#8211; R.H.<\/p>\n","protected":false},"excerpt":{"rendered":"<p>\u0130LLER \u2013 Kahraman ordu birliklerimiz \u00fclkenin de\u011fi\u015fik b\u00f6lgelerinde ter\u00f6re kar\u015f\u0131 sa\u011flad\u0131klar\u0131 ba\u015far\u0131larla g\u00fcvenlik ve istikrar\u0131 sa\u011flama ve g\u00fc\u00e7lendirmeye devam ediyorlar. \u00c7ok say\u0131da ter\u00f6r grubunun tamamen bertaraf edildi\u011fi nitelikli operasyonlarda ter\u00f6r saflar\u0131n\u0131n lojistik ve be\u015feri kay\u0131plar\u0131 bir \u00e7\u0131\u011f gibi b\u00fcy\u00fcyor. HOMS: Askeri kaynak SANA\u2019ya a\u00e7\u0131klamas\u0131nda; hava g\u00fc\u00e7lerimizin Homs k\u0131rsal\u0131 el Rek, Ebu Traha ve Unk el &hellip;<\/p>\n","protected":false},"author":1,"featured_media":61444,"comment_status":"closed","ping_status":"closed","sticky":false,"template":"","format":"standard","meta":{"footnotes":""},"categories":[575],"tags":[],"class_list":["post-61443","post","type-post","status-publish","format-standard","has-post-thumbnail","","category-olaylar-ve-gercekler"],"_links":{"self":[{"href":"https:\/\/archive.sana.sy\/tr\/index.php?rest_route=\/wp\/v2\/posts\/61443","targetHints":{"allow":["GET"]}}],"collection":[{"href":"https:\/\/archive.sana.sy\/tr\/index.php?rest_route=\/wp\/v2\/posts"}],"about":[{"href":"https:\/\/archive.sana.sy\/tr\/index.php?rest_route=\/wp\/v2\/types\/post"}],"author":[{"embeddable":true,"href":"https:\/\/archive.sana.sy\/tr\/index.php?rest_route=\/wp\/v2\/users\/1"}],"replies":[{"embeddable":true,"href":"https:\/\/archive.sana.sy\/tr\/index.php?rest_route=%2Fwp%2Fv2%2Fcomments&post=61443"}],"version-history":[{"count":0,"href":"https:\/\/archive.sana.sy\/tr\/index.php?rest_route=\/wp\/v2\/posts\/61443\/revisions"}],"wp:featuredmedia":[{"embeddable":true,"href":"https:\/\/archive.sana.sy\/tr\/index.php?rest_route=\/wp\/v2\/media\/61444"}],"wp:attachment":[{"href":"https:\/\/archive.sana.sy\/tr\/index.php?rest_route=%2Fwp%2Fv2%2Fmedia&parent=61443"}],"wp:term":[{"taxonomy":"category","embeddable":true,"href":"https:\/\/archive.sana.sy\/tr\/index.php?rest_route=%2Fwp%2Fv2%2Fcategories&post=61443"},{"taxonomy":"post_tag","embeddable":true,"href":"https:\/\/archive.sana.sy\/tr\/index.php?rest_route=%2Fwp%2Fv2%2Ftags&post=61443"}],"curies":[{"name":"wp","href":"https:\/\/api.w.org\/{rel}","templated":true}]}}