{"id":6150,"date":"2014-07-31T10:10:46","date_gmt":"2014-07-31T07:10:46","guid":{"rendered":"http:\/\/www.sana.sy\/tr\/?p=6150"},"modified":"2014-07-31T11:44:30","modified_gmt":"2014-07-31T08:44:30","slug":"6150","status":"publish","type":"post","link":"https:\/\/archive.sana.sy\/tr\/?p=6150","title":{"rendered":"Ter\u00f6re Kar\u015f\u0131 Operasyonlar \u00dclkenin Her K\u00f6\u015fesinde S\u00fcr\u00fcyor"},"content":{"rendered":"<p>\u0130LLER \u2013 B\u00fct\u00fcn \u0130slam d\u00fcnyas\u0131n\u0131n ramazan bayram\u0131n\u0131 kutlad\u0131\u011f\u0131 ve \u0130slamiyet ad\u0131na insani de\u011ferlerin hayat buldu\u011fu bu g\u00fcnlerde \u0130slam ve cihat maskesi alt\u0131nda insanl\u0131kla ilgisi olmayan katliam ve zul\u00fcmlerini uygulamaya devam eden tekfirci ter\u00f6r gruplar\u0131na kar\u015f\u0131 operasyonlar \u00fclkenin her yerinde h\u0131z kesmeden devam ediyor.<\/p>\n<div style=\"width: 618px;\" class=\"wp-video\"><!--[if lt IE 9]><script>document.createElement('video');<\/script><![endif]-->\n<video class=\"wp-video-shortcode\" id=\"video-6150-1\" width=\"618\" height=\"348\" preload=\"metadata\" controls=\"controls\"><source type=\"video\/x-flv\" src=\"http:\/\/www.sana.sy\/tr\/wp-content\/uploads\/2014\/07\/\u0646\u0641\u0642-\u0641\u064a-\u0645\u0646\u0637\u0642\u0629-\u0627\u0644\u0645\u0644\u064a\u062d\u0627-\u0628\u0631\u064a\u0641-\u062f\u0645\u0634\u0642-\u062a\u0627\u0631\u064a\u062e-30-7-2014.flv?_=1\" \/><a href=\"http:\/\/www.sana.sy\/tr\/wp-content\/uploads\/2014\/07\/\u0646\u0641\u0642-\u0641\u064a-\u0645\u0646\u0637\u0642\u0629-\u0627\u0644\u0645\u0644\u064a\u062d\u0627-\u0628\u0631\u064a\u0641-\u062f\u0645\u0634\u0642-\u062a\u0627\u0631\u064a\u062e-30-7-2014.flv\">http:\/\/www.sana.sy\/tr\/wp-content\/uploads\/2014\/07\/\u0646\u0641\u0642-\u0641\u064a-\u0645\u0646\u0637\u0642\u0629-\u0627\u0644\u0645\u0644\u064a\u062d\u0627-\u0628\u0631\u064a\u0641-\u062f\u0645\u0634\u0642-\u062a\u0627\u0631\u064a\u062e-30-7-2014.flv<\/a><\/video><\/div>\n<p><span style=\"color: #0000ff\">\u015eam K\u0131rsal\u0131nda Ter\u00f6ristlere Ait Ara\u00e7 Konvoyu Yok Edildi<\/span><\/p>\n<p>Askeri bir kaynak kahraman ordu birliklerimizin \u015eam K\u0131rsal\u0131n\u0131n Han el \u015eiyh ve Arat Zekiye b\u00f6lgelerinde d\u00fczenledikleri operasyonlar sonucunda bir\u00e7ok ter\u00f6r yuvas\u0131n\u0131n yok edildi\u011fini dile getirdi.<\/p>\n<p>Beyt el Cin Tar\u0131m Arazilerinde Ma\u011far el Miyr yolu \u00fczerinde silahl\u0131 ter\u00f6r gruplar\u0131na ait bir konvoyu hedef alan kahraman birliklerimizin konvoyda bulunan b\u00fct\u00fcn ara\u00e7lar\u0131 yok ettiklerine i\u015faret eden kaynak; ayr\u0131ca meydana gelen silahl\u0131 \u00e7at\u0131\u015fmada burada bulunan ter\u00f6ristlerin t\u00fcm\u00fcn\u00fcn \u00f6l\u00fc ve yaral\u0131 olarak ele ge\u00e7irildi\u011fini belirtti.<\/p>\n<p><a href=\"http:\/\/www.sana.sy\/tr\/wp-content\/uploads\/2014\/07\/t\u00fcnel.jpg\"><img loading=\"lazy\" decoding=\"async\" class=\"alignright wp-image-6203 size-medium\" src=\"http:\/\/www.sana.sy\/tr\/wp-content\/uploads\/2014\/07\/t\u00fcnel-300x159.jpg\" alt=\"t\u00fcnel\" width=\"300\" height=\"159\" srcset=\"https:\/\/archive.sana.sy\/tr\/wp-content\/uploads\/2014\/07\/t\u00fcnel-300x160.jpg 300w, https:\/\/archive.sana.sy\/tr\/wp-content\/uploads\/2014\/07\/t\u00fcnel-150x79.jpg 150w, https:\/\/archive.sana.sy\/tr\/wp-content\/uploads\/2014\/07\/t\u00fcnel.jpg 381w\" sizes=\"auto, (max-width: 300px) 100vw, 300px\" \/><\/a>Askeri kaynak ordu birliklerimizin Mleyha Beldesi civar\u0131ndaki tar\u0131m arazilerinde \u00e7ok say\u0131da ter\u00f6risti \u00f6l\u00fc yaral\u0131 ele ge\u00e7irmesi ard\u0131ndan yerin alt\u0131nda 8 metre derinlikte bir km uzunlukta 80 cm geni\u015fli\u011finde bir t\u00fcnel ele ge\u00e7irdiklerini belirtti. Kaynak gerekli \u0131\u015f\u0131kland\u0131rma ve havaland\u0131rma sistemiyle donatl\u0131 olan t\u00fcnelin ter\u00f6ristler taraf\u0131ndan yer de\u011fi\u015ftirme, cephane aktarma ve saklanmada kulland\u0131klar\u0131 t\u00fcneller \u015febekesinin \u00f6nemli bir par\u00e7as\u0131n\u0131 olu\u015fturdu\u011funu ifade etti.<\/p>\n<p><span style=\"color: #0000ff\">Halep ve K\u0131rsal\u0131nda Ter\u00f6ristlere B\u00fcy\u00fck Kay\u0131plar Verdirildi<\/span><\/p>\n<p>Halep\u2019te Handerat, Ahtereyn, Tel Rafet, Tel Blat, Tel Alem, Han el Asel, Mansura, Yermun ve Nanai belde ve k\u00f6ylerinde ter\u00f6re kar\u015f\u0131 operasyonlar\u0131n yo\u011funla\u015ft\u0131\u011f\u0131na i\u015faret eden kaynak; buralarda \u00e7ok say\u0131da ter\u00f6ristin \u00f6l\u00fc ve yaral\u0131 d\u00fc\u015f\u00fcr\u00fcld\u00fc\u011f\u00fcn\u00fc belirtti.<\/p>\n<p>Heriytan ve Tel Rafet beldelerinde d\u00fczenlenen operasyonlarda ter\u00f6ristlere b\u00fcy\u00fck lojistik kay\u0131plar verdirildi\u011fine dikkat \u00e7eken kaynak; ter\u00f6ristlerin ara\u00e7lar\u0131 ve silahlar\u0131n\u0131n topland\u0131\u011f\u0131 bir ter\u00f6r yuvas\u0131n\u0131 i\u00e7indeki ter\u00f6ristlerle birlikte yok edildi\u011fini aktard\u0131.<\/p>\n<p>Kaynak ay\u0131rca Deyr Hafer, Merce, Leyrmon ve Zerba b\u00f6lgelerinde ter\u00f6ristlere ait 30 arac\u0131n yok edildi\u011fini ekledi.<\/p>\n<p>Halep Eski Kentinin Hanano, Beni Zeyd, Ra\u015fidin, Gen\u00e7lik Konutlar\u0131, Maasraniye, Merce, S\u00fcleyman Halebi semtleri ve Halep Kalesi civar\u0131, Kerm el Tarab ve Meyser b\u00f6lgelerinde d\u00fczenlenen operasyonlarda ter\u00f6ristlere b\u00fcy\u00fck lojistik ve be\u015feri kay\u0131plar verdirildi\u011fine de\u011finen kaynak; burada da \u00e7ok say\u0131da ter\u00f6ristin eleba\u015flar\u0131yla birlikte \u00f6ld\u00fcr\u00fcld\u00fc\u011f\u00fcn\u00fcn alt\u0131n\u0131 \u00e7izdi.<\/p>\n<p><span style=\"color: #0000ff\">Dera ve K\u0131rsal\u0131nda Bir\u00e7ok Ter\u00f6r Yuvas\u0131 Yok Edildi<\/span><\/p>\n<p>Dera Beled\u2019te Bilal Habe\u015fi Camisinin g\u00fcneyi, Eski G\u00fcmr\u00fck Binas\u0131 yak\u0131nlar\u0131 ve Yerm\u00fck Okulu civar\u0131nda ter\u00f6ristlerle kahraman birliklerimiz aras\u0131nda \u015fiddetli \u00e7at\u0131\u015fmalar meydana geldi\u011fine i\u015faret eden kaynak; \u00e7at\u0131\u015fmalarda onlarca ter\u00f6ristin eleba\u015flar\u0131yla birlikte \u00f6ld\u00fcr\u00fcld\u00fc\u011f\u00fcn\u00fc ibraz etti.<\/p>\n<p>Dera K\u0131rsal\u0131n\u0131n Hirbet \u011eazala, Enhal, Tel Mtavvak, Tel Fadi b\u00f6lgeleri ve Semlin-Sarya yollu \u00fczerinde d\u00fczenlenen operasyonlarda \u00e7ok say\u0131da ter\u00f6ristin \u00f6l\u00fc ve yaral\u0131 d\u00fc\u015f\u00fcr\u00fcld\u00fc\u011f\u00fcn\u00fc ifade eden kaynak; Dera\u2019n\u0131n Nazihin Semtinde bulunan bir\u00e7ok ter\u00f6r yuvas\u0131n\u0131n kahraman birliklerimiz taraf\u0131ndan hedef al\u0131nmas\u0131 sonucu ter\u00f6ristlere b\u00fcy\u00fck kay\u0131plar verdirildi\u011fini aktard\u0131.<\/p>\n<p><span style=\"color: #0000ff\">Homs K\u0131rsal\u0131nda Ter\u00f6ristlere Ait Ara\u00e7lar Yok Edildi<\/span><\/p>\n<p>Homs K\u0131rsal\u0131n\u0131n Um \u015eer\u015fuh k\u00f6y\u00fcnde d\u00fczenlenen bir operasyon sonucunda silahl\u0131 ter\u00f6r gruplar\u0131na ait bir arac\u0131n i\u00e7indeki ter\u00f6ristlerle birlikte yok edildi\u011fini dile getiren kaynak; Homs K\u0131rsal\u0131n\u0131n el \u011eacar, Keysen, Kasr el \u00c7erkesi, Bat\u0131 Selam, Ayn H\u00fcseyin, Saan k\u00f6y ve beldelerinde de ter\u00f6ristlere b\u00fcy\u00fck lojistik ve be\u015feri kay\u0131p verdirildi\u011fini vurgulad\u0131.<\/p>\n<p><span style=\"color: #0000ff\">Hama K\u0131rsal\u0131nda \u00c7ok Say\u0131da Ter\u00f6rist \u00d6ld\u00fcr\u00fcld\u00fc<\/span><\/p>\n<p>Hama K\u0131rsal\u0131n\u0131n Akirabat k\u00f6y\u00fc yak\u0131nlar\u0131nda d\u00fczenlenen operasyonlarda \u00e7ok say\u0131da ter\u00f6ristin \u00f6l\u00fc ve yaral\u0131 d\u00fc\u015f\u00fcr\u00fcld\u00fc\u011f\u00fcne i\u015faret eden kaynak; ayr\u0131ca ter\u00f6ristlerin havzalar\u0131nda bulunan b\u00fct\u00fcn silah ve m\u00fchimmat\u0131n da imha edildi\u011fini belirtti.<\/p>\n<p><span style=\"color: #0000ff\">\u0130dlib K\u0131rsal\u0131nda A\u011f\u0131r Makineli Silahlarla Donat\u0131lm\u0131\u015f Ara\u00e7 Yok Edildi<\/span><\/p>\n<p>Kaynak kahraman birliklerimizin \u0130dlib K\u0131rsal\u0131n\u0131n Nehla Beldesinde ter\u00f6ristlere ait a\u011f\u0131r makineli silahlarla donat\u0131lm\u0131\u015f bir arac\u0131 imha ettiklerini dile getirerek ayr\u0131ca burada meydana gelen \u00e7at\u0131\u015fmada bir\u00e7ok ter\u00f6ristin \u00f6l\u00fc ve yaral\u0131 d\u00fc\u015f\u00fcr\u00fcld\u00fc\u011f\u00fcn\u00fcn alt\u0131n\u0131 \u00e7izdi.<\/p>\n","protected":false},"excerpt":{"rendered":"<p>\u0130LLER \u2013 B\u00fct\u00fcn \u0130slam d\u00fcnyas\u0131n\u0131n ramazan bayram\u0131n\u0131 kutlad\u0131\u011f\u0131 ve \u0130slamiyet ad\u0131na insani de\u011ferlerin hayat buldu\u011fu bu g\u00fcnlerde \u0130slam ve cihat maskesi alt\u0131nda insanl\u0131kla ilgisi olmayan katliam ve zul\u00fcmlerini uygulamaya devam eden tekfirci ter\u00f6r gruplar\u0131na kar\u015f\u0131 operasyonlar \u00fclkenin her yerinde h\u0131z kesmeden devam ediyor. \u015eam K\u0131rsal\u0131nda Ter\u00f6ristlere Ait Ara\u00e7 Konvoyu Yok Edildi Askeri bir kaynak kahraman &hellip;<\/p>\n","protected":false},"author":1,"featured_media":6204,"comment_status":"closed","ping_status":"closed","sticky":false,"template":"","format":"standard","meta":{"footnotes":""},"categories":[575],"tags":[1363],"class_list":["post-6150","post","type-post","status-publish","format-standard","has-post-thumbnail","","category-olaylar-ve-gercekler","tag-terore-karsi-operasyonlar-ulkenin-her-kosesinde-suruyor"],"_links":{"self":[{"href":"https:\/\/archive.sana.sy\/tr\/index.php?rest_route=\/wp\/v2\/posts\/6150","targetHints":{"allow":["GET"]}}],"collection":[{"href":"https:\/\/archive.sana.sy\/tr\/index.php?rest_route=\/wp\/v2\/posts"}],"about":[{"href":"https:\/\/archive.sana.sy\/tr\/index.php?rest_route=\/wp\/v2\/types\/post"}],"author":[{"embeddable":true,"href":"https:\/\/archive.sana.sy\/tr\/index.php?rest_route=\/wp\/v2\/users\/1"}],"replies":[{"embeddable":true,"href":"https:\/\/archive.sana.sy\/tr\/index.php?rest_route=%2Fwp%2Fv2%2Fcomments&post=6150"}],"version-history":[{"count":0,"href":"https:\/\/archive.sana.sy\/tr\/index.php?rest_route=\/wp\/v2\/posts\/6150\/revisions"}],"wp:featuredmedia":[{"embeddable":true,"href":"https:\/\/archive.sana.sy\/tr\/index.php?rest_route=\/wp\/v2\/media\/6204"}],"wp:attachment":[{"href":"https:\/\/archive.sana.sy\/tr\/index.php?rest_route=%2Fwp%2Fv2%2Fmedia&parent=6150"}],"wp:term":[{"taxonomy":"category","embeddable":true,"href":"https:\/\/archive.sana.sy\/tr\/index.php?rest_route=%2Fwp%2Fv2%2Fcategories&post=6150"},{"taxonomy":"post_tag","embeddable":true,"href":"https:\/\/archive.sana.sy\/tr\/index.php?rest_route=%2Fwp%2Fv2%2Ftags&post=6150"}],"curies":[{"name":"wp","href":"https:\/\/api.w.org\/{rel}","templated":true}]}}