{"id":61531,"date":"2016-02-16T13:16:48","date_gmt":"2016-02-16T11:16:48","guid":{"rendered":"http:\/\/www.sana.sy\/tr\/?p=61531"},"modified":"2016-02-16T13:07:04","modified_gmt":"2016-02-16T11:07:04","slug":"abd-ve-ab-ulkeleri-tarafindan-suriye-ve-halkina-yonelik-uygulanan-tek-tarafli-zalim-icraatlarin-kaldirilmasi-geregini-vurgulayan-muallim-bu-icraatlarin-halkin-gunluk-yasamini-ne-derecede-olumsuz-etki","status":"publish","type":"post","link":"https:\/\/archive.sana.sy\/tr\/?p=61531","title":{"rendered":"ABD ve AB \u00fclkeleri taraf\u0131ndan Suriye ve halk\u0131na y\u00f6nelik uygulanan tek tarafl\u0131 zalim icraatlar\u0131n kald\u0131r\u0131lmas\u0131 gere\u011fini vurgulayan Muallim; bu icraatlar\u0131n halk\u0131n g\u00fcnl\u00fck ya\u015fam\u0131n\u0131 ne derecede olumsuz etkiledi\u011fini ve ac\u0131lar\u0131n\u0131 artt\u0131rd\u0131\u011f\u0131na dikkat \u00e7ekti"},"content":{"rendered":"<p>ABD ve AB \u00fclkeleri taraf\u0131ndan Suriye ve halk\u0131na y\u00f6nelik uygulanan tek tarafl\u0131 zalim icraatlar\u0131n kald\u0131r\u0131lmas\u0131 gere\u011fini vurgulayan Muallim; bu icraatlar\u0131n halk\u0131n g\u00fcnl\u00fck ya\u015fam\u0131n\u0131 ne derecede olumsuz etkiledi\u011fini ve ac\u0131lar\u0131n\u0131 artt\u0131rd\u0131\u011f\u0131na dikkat \u00e7ekti<\/p>\n","protected":false},"excerpt":{"rendered":"<p>ABD ve AB \u00fclkeleri taraf\u0131ndan Suriye ve halk\u0131na y\u00f6nelik uygulanan tek tarafl\u0131 zalim icraatlar\u0131n kald\u0131r\u0131lmas\u0131 gere\u011fini vurgulayan Muallim; bu icraatlar\u0131n halk\u0131n g\u00fcnl\u00fck ya\u015fam\u0131n\u0131 ne derecede olumsuz etkiledi\u011fini ve ac\u0131lar\u0131n\u0131 artt\u0131rd\u0131\u011f\u0131na dikkat \u00e7ekti<\/p>\n","protected":false},"author":1,"featured_media":0,"comment_status":"closed","ping_status":"closed","sticky":false,"template":"","format":"standard","meta":{"footnotes":""},"categories":[17991],"tags":[],"class_list":["post-61531","post","type-post","status-publish","format-standard","","category-son-dakika"],"_links":{"self":[{"href":"https:\/\/archive.sana.sy\/tr\/index.php?rest_route=\/wp\/v2\/posts\/61531","targetHints":{"allow":["GET"]}}],"collection":[{"href":"https:\/\/archive.sana.sy\/tr\/index.php?rest_route=\/wp\/v2\/posts"}],"about":[{"href":"https:\/\/archive.sana.sy\/tr\/index.php?rest_route=\/wp\/v2\/types\/post"}],"author":[{"embeddable":true,"href":"https:\/\/archive.sana.sy\/tr\/index.php?rest_route=\/wp\/v2\/users\/1"}],"replies":[{"embeddable":true,"href":"https:\/\/archive.sana.sy\/tr\/index.php?rest_route=%2Fwp%2Fv2%2Fcomments&post=61531"}],"version-history":[{"count":0,"href":"https:\/\/archive.sana.sy\/tr\/index.php?rest_route=\/wp\/v2\/posts\/61531\/revisions"}],"wp:attachment":[{"href":"https:\/\/archive.sana.sy\/tr\/index.php?rest_route=%2Fwp%2Fv2%2Fmedia&parent=61531"}],"wp:term":[{"taxonomy":"category","embeddable":true,"href":"https:\/\/archive.sana.sy\/tr\/index.php?rest_route=%2Fwp%2Fv2%2Fcategories&post=61531"},{"taxonomy":"post_tag","embeddable":true,"href":"https:\/\/archive.sana.sy\/tr\/index.php?rest_route=%2Fwp%2Fv2%2Ftags&post=61531"}],"curies":[{"name":"wp","href":"https:\/\/api.w.org\/{rel}","templated":true}]}}