{"id":61565,"date":"2016-02-16T16:34:29","date_gmt":"2016-02-16T14:34:29","guid":{"rendered":"http:\/\/www.sana.sy\/tr\/?p=61565"},"modified":"2016-02-19T17:05:37","modified_gmt":"2016-02-19T15:05:37","slug":"suriyenin-sabit-tutumlarini-vurgulayan-muallim-zalim-icraatlarin-kaldirilmasini-talep-etti","status":"publish","type":"post","link":"https:\/\/archive.sana.sy\/tr\/?p=61565","title":{"rendered":"Suriye&#8217;nin Sabit Tutumlar\u0131n\u0131 Vurgulayan Muallim Zalim \u0130craatlar\u0131n Kald\u0131r\u0131lmas\u0131n\u0131 Talep Etti"},"content":{"rendered":"<p>\u015eAM \u2013 Ba\u015fbakan Yard\u0131mc\u0131s\u0131 D\u0131\u015fi\u015fleri ve Gurbet\u00e7iler Bakan\u0131 Velid el Muallim BM genel sekreterinin Suriye \u00f6zel temsilcisi Staffan de Mistura ve ona e\u015flik eden heyeti kabul etti.<\/p>\n<p>De Mistura son olarak Cenevre&#8217;de yap\u0131lan ve ask\u0131ya al\u0131nan Suriyeliler aras\u0131ndaki diyalog g\u00f6r\u00fc\u015fmeleri ve bu g\u00f6r\u00fc\u015fmelerin bu ay\u0131n son b\u00f6l\u00fcm\u00fcnde yeniden ba\u015flat\u0131lmas\u0131 y\u00f6n\u00fcnde harcanan \u00e7abalara ili\u015fkin sunum takdim etti. Ayn\u0131 zamanda Suriye&#8217;ye Destek Grubu Devletlerinin yine son olarak Almanya\u2019n\u0131n M\u00fcnih Kentinde d\u00fczenledikleri oturum ve bu oturumda al\u0131nan kararlara da \u0131\u015f\u0131k tutan de Mistura, bu kararlar\u0131n yan\u0131 s\u0131ra Viyana kararlar\u0131 ve BM G\u00fcvenlik Konseyinin Suriye&#8217;deki krizin \u00e7\u00f6z\u00fcm\u00fc ve ter\u00f6rle m\u00fccadeleye ili\u015fkin ilgili kararlar\u0131n\u0131n hayata ge\u00e7irilmesi amac\u0131yla harcanan \u00e7abalar hakk\u0131nda Muallim\u2019e bilgi sundu.<\/p>\n<p><a href=\"http:\/\/www.sana.sy\/tr\/wp-content\/uploads\/2016\/02\/Muallim-2.jpg\"><img loading=\"lazy\" decoding=\"async\" class=\"alignright wp-image-61640 size-medium\" src=\"http:\/\/www.sana.sy\/tr\/wp-content\/uploads\/2016\/02\/Muallim-2-300x213.jpg\" alt=\"Muallim 2\" width=\"300\" height=\"213\" srcset=\"https:\/\/archive.sana.sy\/tr\/wp-content\/uploads\/2016\/02\/Muallim-2-300x213.jpg 300w, https:\/\/archive.sana.sy\/tr\/wp-content\/uploads\/2016\/02\/Muallim-2-150x106.jpg 150w, https:\/\/archive.sana.sy\/tr\/wp-content\/uploads\/2016\/02\/Muallim-2-768x544.jpg 768w, https:\/\/archive.sana.sy\/tr\/wp-content\/uploads\/2016\/02\/Muallim-2-1024x725.jpg 1024w\" sizes=\"auto, (max-width: 300px) 100vw, 300px\" \/><\/a>Muallim ise g\u00f6r\u00fc\u015fmede herhangi bir d\u0131\u015f m\u00fcdahale ya da herhangi bir \u00f6nko\u015ful olmaks\u0131z\u0131n Suriyeliler aras\u0131ndaki diyalog g\u00f6r\u00fc\u015fmelerinin s\u00fcrd\u00fcr\u00fclmesi konusunda Suriye\u2019nin sabit ve ilkeli tutumunun alt\u0131n\u0131 \u00e7izerken, Suriye&#8217;nin gelece\u011finde karar sahibi yegane taraf\u0131n Suriye halk\u0131 oldu\u011funu vurgulad\u0131. Suriye Arap Cumhuriyeti heyetinin Cenevre g\u00f6r\u00fc\u015fmelerinde ciddiyet ve d\u00fcr\u00fcstl\u00fc\u011f\u00fcn\u00fc net bir \u015fekilde ortaya koyduklar\u0131na dikkat \u00e7eken Muallim; g\u00f6r\u00fc\u015fmelerde Suriye muhalefetinin en geni\u015f \u015fekilde temsil edilmesi dahil ilgili kararlar\u0131n hayata ge\u00e7irilmesi \u00f6neminin alt\u0131n\u0131 \u00e7izdi.<\/p>\n<p>Muallim Suriye&#8217;nin vatanda\u015flar\u0131n\u0131 d\u0131\u015f destekli ter\u00f6ristlerden koruma ve \u00f6zellikle ter\u00f6ristlerin bulunduklar\u0131 b\u00f6lgeler ba\u015fta olmak \u00fczere ihtiya\u00e7 sahiplerine yard\u0131mlar\u0131n ula\u015ft\u0131r\u0131lmas\u0131 konusunda harcad\u0131\u011f\u0131 yo\u011fun \u00e7abalara \u0131\u015f\u0131k tuttu. Bu \u00e7abalar\u0131n Cenevre g\u00f6r\u00fc\u015fmeleriyle hi\u00e7bir ili\u015fkisi olmad\u0131\u011f\u0131n\u0131 belirten Muallim; Suriye h\u00fck\u00fcmetinin sorumluluk ve g\u00f6revlerini yerine getirmeye devam edece\u011fini vurgulad\u0131.<\/p>\n<p>ABD ve AB \u00fclkeleri taraf\u0131ndan Suriye ve halk\u0131na y\u00f6nelik uygulanan tek tarafl\u0131 zalim icraatlar\u0131n kald\u0131r\u0131lmas\u0131 gere\u011fini vurgulayan Muallim; bu icraatlar\u0131n halk\u0131n g\u00fcnl\u00fck ya\u015fam\u0131n\u0131 ne derecede olumsuz etkiledi\u011fini ve ac\u0131lar\u0131n\u0131 artt\u0131rd\u0131\u011f\u0131na dikkat \u00e7ekti.<\/p>\n<p>G\u00f6r\u00fc\u015fmenin ard\u0131ndan bas\u0131na a\u00e7\u0131klama yapan de Mistura Muallim ile abluka alt\u0131ndaki t\u00fcm b\u00f6lgelere insani yard\u0131mlar\u0131n ula\u015ft\u0131r\u0131lmas\u0131 meselesini incelediklerini belirtti. De Mistura ilerleyen saatlerde yeniden bir araya gelecekleri de s\u00f6zlerine ekledi.<\/p>\n","protected":false},"excerpt":{"rendered":"<p>\u015eAM \u2013 Ba\u015fbakan Yard\u0131mc\u0131s\u0131 D\u0131\u015fi\u015fleri ve Gurbet\u00e7iler Bakan\u0131 Velid el Muallim BM genel sekreterinin Suriye \u00f6zel temsilcisi Staffan de Mistura ve ona e\u015flik eden heyeti kabul etti. De Mistura son olarak Cenevre&#8217;de yap\u0131lan ve ask\u0131ya al\u0131nan Suriyeliler aras\u0131ndaki diyalog g\u00f6r\u00fc\u015fmeleri ve bu g\u00f6r\u00fc\u015fmelerin bu ay\u0131n son b\u00f6l\u00fcm\u00fcnde yeniden ba\u015flat\u0131lmas\u0131 y\u00f6n\u00fcnde harcanan \u00e7abalara ili\u015fkin sunum takdim &hellip;<\/p>\n","protected":false},"author":1,"featured_media":61566,"comment_status":"closed","ping_status":"closed","sticky":false,"template":"","format":"standard","meta":{"footnotes":""},"categories":[479,17988,478],"tags":[19257],"class_list":["post-61565","post","type-post","status-publish","format-standard","has-post-thumbnail","","category-haberler-yerel","category-son-haberler","category-yerel","tag-suriyenin-sabit-tutumlarini-vurgulayan-muallim-zalim-icraatlarin-kaldirilmasini-talep-etti"],"_links":{"self":[{"href":"https:\/\/archive.sana.sy\/tr\/index.php?rest_route=\/wp\/v2\/posts\/61565","targetHints":{"allow":["GET"]}}],"collection":[{"href":"https:\/\/archive.sana.sy\/tr\/index.php?rest_route=\/wp\/v2\/posts"}],"about":[{"href":"https:\/\/archive.sana.sy\/tr\/index.php?rest_route=\/wp\/v2\/types\/post"}],"author":[{"embeddable":true,"href":"https:\/\/archive.sana.sy\/tr\/index.php?rest_route=\/wp\/v2\/users\/1"}],"replies":[{"embeddable":true,"href":"https:\/\/archive.sana.sy\/tr\/index.php?rest_route=%2Fwp%2Fv2%2Fcomments&post=61565"}],"version-history":[{"count":0,"href":"https:\/\/archive.sana.sy\/tr\/index.php?rest_route=\/wp\/v2\/posts\/61565\/revisions"}],"wp:featuredmedia":[{"embeddable":true,"href":"https:\/\/archive.sana.sy\/tr\/index.php?rest_route=\/wp\/v2\/media\/61566"}],"wp:attachment":[{"href":"https:\/\/archive.sana.sy\/tr\/index.php?rest_route=%2Fwp%2Fv2%2Fmedia&parent=61565"}],"wp:term":[{"taxonomy":"category","embeddable":true,"href":"https:\/\/archive.sana.sy\/tr\/index.php?rest_route=%2Fwp%2Fv2%2Fcategories&post=61565"},{"taxonomy":"post_tag","embeddable":true,"href":"https:\/\/archive.sana.sy\/tr\/index.php?rest_route=%2Fwp%2Fv2%2Ftags&post=61565"}],"curies":[{"name":"wp","href":"https:\/\/api.w.org\/{rel}","templated":true}]}}