{"id":6157,"date":"2014-07-30T15:53:49","date_gmt":"2014-07-30T12:53:49","guid":{"rendered":"http:\/\/www.sana.sy\/tr\/?p=6157"},"modified":"2014-07-30T15:53:49","modified_gmt":"2014-07-30T12:53:49","slug":"en-guvenli-yegane-yer-kendi-yurtlari-ve-topraklaridir","status":"publish","type":"post","link":"https:\/\/archive.sana.sy\/tr\/?p=6157","title":{"rendered":"En G\u00fcvenli Yegane Yer Kendi Yurtlar\u0131 ve Topraklar\u0131d\u0131r"},"content":{"rendered":"<p>\u015eAM \u2013 Antakya ve T\u00fcm Do\u011fu Rum Ortodokslar Patrikli\u011fi; Ortado\u011fu\u2019nun tan\u0131k oldu\u011fu kat\u0131 ko\u015fullar\u0131n, b\u00f6lgeyi H\u0131ristiyanlardan bo\u015faltmak i\u00e7in kimilerinin bu ko\u015fullar\u0131 \u2018Truva At\u0131\u2019 olarak kullanmas\u0131n\u0131 ge\u00e7erli k\u0131lmad\u0131\u011f\u0131n\u0131 vurgulad\u0131.<\/p>\n<p>Fransa h\u00fck\u00fcmetinin \u201cIrak\u2019taki H\u0131ristiyanlar\u0131 kendi topraklar\u0131nda kar\u015f\u0131lama ve onlara siyasi m\u00fclteci hakk\u0131 tan\u0131maya haz\u0131r oldu\u011fu\u2019 y\u00f6n\u00fcndeki a\u00e7\u0131klamalara cevap olarak bildiri yay\u0131nlayan patriklik; bu diyarlar\u0131n H\u0131ristiyanlar\u0131 ve M\u00fcsl\u00fcmanlar\u0131 i\u00e7in en g\u00fcvenli yegane yerin, y\u00fczy\u0131llard\u0131r yan yana beraber ya\u015fad\u0131klar\u0131 kendi topraklar\u0131 ve yurtlar\u0131 oldu\u011funun alt\u0131n\u0131 \u00e7izdi.<\/p>\n","protected":false},"excerpt":{"rendered":"<p>\u015eAM \u2013 Antakya ve T\u00fcm Do\u011fu Rum Ortodokslar Patrikli\u011fi; Ortado\u011fu\u2019nun tan\u0131k oldu\u011fu kat\u0131 ko\u015fullar\u0131n, b\u00f6lgeyi H\u0131ristiyanlardan bo\u015faltmak i\u00e7in kimilerinin bu ko\u015fullar\u0131 \u2018Truva At\u0131\u2019 olarak kullanmas\u0131n\u0131 ge\u00e7erli k\u0131lmad\u0131\u011f\u0131n\u0131 vurgulad\u0131. Fransa h\u00fck\u00fcmetinin \u201cIrak\u2019taki H\u0131ristiyanlar\u0131 kendi topraklar\u0131nda kar\u015f\u0131lama ve onlara siyasi m\u00fclteci hakk\u0131 tan\u0131maya haz\u0131r oldu\u011fu\u2019 y\u00f6n\u00fcndeki a\u00e7\u0131klamalara cevap olarak bildiri yay\u0131nlayan patriklik; bu diyarlar\u0131n H\u0131ristiyanlar\u0131 ve M\u00fcsl\u00fcmanlar\u0131 &hellip;<\/p>\n","protected":false},"author":1,"featured_media":6158,"comment_status":"closed","ping_status":"closed","sticky":false,"template":"","format":"standard","meta":{"footnotes":""},"categories":[479,447,478],"tags":[1364],"class_list":["post-6157","post","type-post","status-publish","format-standard","has-post-thumbnail","","category-haberler-yerel","category-politika","category-yerel","tag-en-guvenli-yegane-yer-kendi-yurtlari-ve-topraklaridir"],"_links":{"self":[{"href":"https:\/\/archive.sana.sy\/tr\/index.php?rest_route=\/wp\/v2\/posts\/6157","targetHints":{"allow":["GET"]}}],"collection":[{"href":"https:\/\/archive.sana.sy\/tr\/index.php?rest_route=\/wp\/v2\/posts"}],"about":[{"href":"https:\/\/archive.sana.sy\/tr\/index.php?rest_route=\/wp\/v2\/types\/post"}],"author":[{"embeddable":true,"href":"https:\/\/archive.sana.sy\/tr\/index.php?rest_route=\/wp\/v2\/users\/1"}],"replies":[{"embeddable":true,"href":"https:\/\/archive.sana.sy\/tr\/index.php?rest_route=%2Fwp%2Fv2%2Fcomments&post=6157"}],"version-history":[{"count":0,"href":"https:\/\/archive.sana.sy\/tr\/index.php?rest_route=\/wp\/v2\/posts\/6157\/revisions"}],"wp:featuredmedia":[{"embeddable":true,"href":"https:\/\/archive.sana.sy\/tr\/index.php?rest_route=\/wp\/v2\/media\/6158"}],"wp:attachment":[{"href":"https:\/\/archive.sana.sy\/tr\/index.php?rest_route=%2Fwp%2Fv2%2Fmedia&parent=6157"}],"wp:term":[{"taxonomy":"category","embeddable":true,"href":"https:\/\/archive.sana.sy\/tr\/index.php?rest_route=%2Fwp%2Fv2%2Fcategories&post=6157"},{"taxonomy":"post_tag","embeddable":true,"href":"https:\/\/archive.sana.sy\/tr\/index.php?rest_route=%2Fwp%2Fv2%2Ftags&post=6157"}],"curies":[{"name":"wp","href":"https:\/\/api.w.org\/{rel}","templated":true}]}}