{"id":61575,"date":"2016-02-16T12:05:33","date_gmt":"2016-02-16T10:05:33","guid":{"rendered":"http:\/\/www.sana.sy\/tr\/?p=61575"},"modified":"2016-02-16T14:28:30","modified_gmt":"2016-02-16T12:28:30","slug":"askeri-kaynak-sanaya-aciklamasinda-kuzey-ve-orta-bolgelerinde-sayi-ve-ekipmanlariyla-buyuk-kayiplar-vermeleri-ardindan-efendileri-dis-guclerin-talimatlariyla-guneyde-ordunun-dikkatini-dagitma","status":"publish","type":"post","link":"https:\/\/archive.sana.sy\/tr\/?p=61575","title":{"rendered":"Askeri kaynak SANA\u2019ya a\u00e7\u0131klamas\u0131nda kuzey ve orta b\u00f6lgelerinde say\u0131 ve ekipmanlar\u0131yla b\u00fcy\u00fck kay\u0131plar vermeleri ard\u0131ndan efendileri d\u0131\u015f g\u00fc\u00e7lerin talimatlar\u0131yla g\u00fcneyde ordunun dikkatini da\u011f\u0131tmaya \u00e7al\u0131\u015fan tekfirci ter\u00f6ristlerin Kunaytra k\u0131rsal\u0131n\u0131n Krum Ceba, Acraf ve Do\u011fu Samadaniye b\u00f6lgelerinde bulunduklar\u0131 sald\u0131r\u0131 giri\u015fimlerinin yine a\u011f\u0131r kay\u0131plarla \u00e7\u00f6kertildi\u011fini belirtti"},"content":{"rendered":"<p>Askeri kaynak SANA\u2019ya a\u00e7\u0131klamas\u0131nda kuzey ve orta b\u00f6lgelerinde say\u0131 ve ekipmanlar\u0131yla b\u00fcy\u00fck kay\u0131plar vermeleri ard\u0131ndan efendileri d\u0131\u015f g\u00fc\u00e7lerin talimatlar\u0131yla g\u00fcneyde ordunun dikkatini da\u011f\u0131tmaya \u00e7al\u0131\u015fan tekfirci ter\u00f6ristlerin Kunaytra k\u0131rsal\u0131n\u0131n Krum Ceba, Acraf ve Do\u011fu Samadaniye b\u00f6lgelerinde bulunduklar\u0131 sald\u0131r\u0131 giri\u015fimlerinin yine a\u011f\u0131r kay\u0131plarla \u00e7\u00f6kertildi\u011fini belirtti<\/p>\n","protected":false},"excerpt":{"rendered":"<p>Askeri kaynak SANA\u2019ya a\u00e7\u0131klamas\u0131nda kuzey ve orta b\u00f6lgelerinde say\u0131 ve ekipmanlar\u0131yla b\u00fcy\u00fck kay\u0131plar vermeleri ard\u0131ndan efendileri d\u0131\u015f g\u00fc\u00e7lerin talimatlar\u0131yla g\u00fcneyde ordunun dikkatini da\u011f\u0131tmaya \u00e7al\u0131\u015fan tekfirci ter\u00f6ristlerin Kunaytra k\u0131rsal\u0131n\u0131n Krum Ceba, Acraf ve Do\u011fu Samadaniye b\u00f6lgelerinde bulunduklar\u0131 sald\u0131r\u0131 giri\u015fimlerinin yine a\u011f\u0131r kay\u0131plarla \u00e7\u00f6kertildi\u011fini belirtti<\/p>\n","protected":false},"author":1,"featured_media":0,"comment_status":"closed","ping_status":"closed","sticky":false,"template":"","format":"standard","meta":{"footnotes":""},"categories":[17991],"tags":[],"class_list":["post-61575","post","type-post","status-publish","format-standard","","category-son-dakika"],"_links":{"self":[{"href":"https:\/\/archive.sana.sy\/tr\/index.php?rest_route=\/wp\/v2\/posts\/61575","targetHints":{"allow":["GET"]}}],"collection":[{"href":"https:\/\/archive.sana.sy\/tr\/index.php?rest_route=\/wp\/v2\/posts"}],"about":[{"href":"https:\/\/archive.sana.sy\/tr\/index.php?rest_route=\/wp\/v2\/types\/post"}],"author":[{"embeddable":true,"href":"https:\/\/archive.sana.sy\/tr\/index.php?rest_route=\/wp\/v2\/users\/1"}],"replies":[{"embeddable":true,"href":"https:\/\/archive.sana.sy\/tr\/index.php?rest_route=%2Fwp%2Fv2%2Fcomments&post=61575"}],"version-history":[{"count":0,"href":"https:\/\/archive.sana.sy\/tr\/index.php?rest_route=\/wp\/v2\/posts\/61575\/revisions"}],"wp:attachment":[{"href":"https:\/\/archive.sana.sy\/tr\/index.php?rest_route=%2Fwp%2Fv2%2Fmedia&parent=61575"}],"wp:term":[{"taxonomy":"category","embeddable":true,"href":"https:\/\/archive.sana.sy\/tr\/index.php?rest_route=%2Fwp%2Fv2%2Fcategories&post=61575"},{"taxonomy":"post_tag","embeddable":true,"href":"https:\/\/archive.sana.sy\/tr\/index.php?rest_route=%2Fwp%2Fv2%2Ftags&post=61575"}],"curies":[{"name":"wp","href":"https:\/\/api.w.org\/{rel}","templated":true}]}}