{"id":61590,"date":"2016-02-16T10:01:46","date_gmt":"2016-02-16T08:01:46","guid":{"rendered":"http:\/\/www.sana.sy\/tr\/?p=61590"},"modified":"2016-02-16T14:21:46","modified_gmt":"2016-02-16T12:21:46","slug":"sanaya-aciklama-yapan-askeri-kaynak-lazkiye-kirsalinda-erdogan-ve-al-suud-rejimlerine-tabi-tekfirci-ve-kiralik-teroristleri-buyuk-kayiplara-ugratmaya-devam-eden-ordu-birliklerimizin-il-kirsal","status":"publish","type":"post","link":"https:\/\/archive.sana.sy\/tr\/?p=61590","title":{"rendered":"SANA\u2019ya a\u00e7\u0131klama yapan askeri kaynak Lazkiye k\u0131rsal\u0131nda Erdo\u011fan ve Al Suud rejimlerine tabi tekfirci ve kiral\u0131k ter\u00f6ristleri b\u00fcy\u00fck kay\u0131plara u\u011fratmaya devam eden ordu birliklerimizin il k\u0131rsal\u0131n\u0131n kuzeyi Bella ve \u015eelf k\u00f6ylerinde ahalinin can ve mal g\u00fcvenli\u011fini kontrollerine ald\u0131klar\u0131n\u0131 aktard\u0131"},"content":{"rendered":"<p>SANA\u2019ya a\u00e7\u0131klama yapan askeri kaynak Lazkiye k\u0131rsal\u0131nda Erdo\u011fan ve Al Suud rejimlerine tabi tekfirci ve kiral\u0131k ter\u00f6ristleri b\u00fcy\u00fck kay\u0131plara u\u011fratmaya devam eden ordu birliklerimizin il k\u0131rsal\u0131n\u0131n kuzeyi Bella ve \u015eelf k\u00f6ylerinde ahalinin can ve mal g\u00fcvenli\u011fini kontrollerine ald\u0131klar\u0131n\u0131 aktard\u0131<\/p>\n","protected":false},"excerpt":{"rendered":"<p>SANA\u2019ya a\u00e7\u0131klama yapan askeri kaynak Lazkiye k\u0131rsal\u0131nda Erdo\u011fan ve Al Suud rejimlerine tabi tekfirci ve kiral\u0131k ter\u00f6ristleri b\u00fcy\u00fck kay\u0131plara u\u011fratmaya devam eden ordu birliklerimizin il k\u0131rsal\u0131n\u0131n kuzeyi Bella ve \u015eelf k\u00f6ylerinde ahalinin can ve mal g\u00fcvenli\u011fini kontrollerine ald\u0131klar\u0131n\u0131 aktard\u0131<\/p>\n","protected":false},"author":1,"featured_media":0,"comment_status":"closed","ping_status":"closed","sticky":false,"template":"","format":"standard","meta":{"footnotes":""},"categories":[17991],"tags":[],"class_list":["post-61590","post","type-post","status-publish","format-standard","","category-son-dakika"],"_links":{"self":[{"href":"https:\/\/archive.sana.sy\/tr\/index.php?rest_route=\/wp\/v2\/posts\/61590","targetHints":{"allow":["GET"]}}],"collection":[{"href":"https:\/\/archive.sana.sy\/tr\/index.php?rest_route=\/wp\/v2\/posts"}],"about":[{"href":"https:\/\/archive.sana.sy\/tr\/index.php?rest_route=\/wp\/v2\/types\/post"}],"author":[{"embeddable":true,"href":"https:\/\/archive.sana.sy\/tr\/index.php?rest_route=\/wp\/v2\/users\/1"}],"replies":[{"embeddable":true,"href":"https:\/\/archive.sana.sy\/tr\/index.php?rest_route=%2Fwp%2Fv2%2Fcomments&post=61590"}],"version-history":[{"count":0,"href":"https:\/\/archive.sana.sy\/tr\/index.php?rest_route=\/wp\/v2\/posts\/61590\/revisions"}],"wp:attachment":[{"href":"https:\/\/archive.sana.sy\/tr\/index.php?rest_route=%2Fwp%2Fv2%2Fmedia&parent=61590"}],"wp:term":[{"taxonomy":"category","embeddable":true,"href":"https:\/\/archive.sana.sy\/tr\/index.php?rest_route=%2Fwp%2Fv2%2Fcategories&post=61590"},{"taxonomy":"post_tag","embeddable":true,"href":"https:\/\/archive.sana.sy\/tr\/index.php?rest_route=%2Fwp%2Fv2%2Ftags&post=61590"}],"curies":[{"name":"wp","href":"https:\/\/api.w.org\/{rel}","templated":true}]}}