{"id":61635,"date":"2016-02-16T12:00:49","date_gmt":"2016-02-16T10:00:49","guid":{"rendered":"http:\/\/www.sana.sy\/tr\/?p=61635"},"modified":"2016-02-19T17:06:31","modified_gmt":"2016-02-19T15:06:31","slug":"bombali-eylemin-failleri-yakandi","status":"publish","type":"post","link":"https:\/\/archive.sana.sy\/tr\/?p=61635","title":{"rendered":"Bombal\u0131 Eylemin Failleri Yakand\u0131"},"content":{"rendered":"<p>\u015eAM \u2013 \u0130\u00e7i\u015fleri Bakanl\u0131\u011f\u0131nda yetkili bir kaynak g\u00fcvenlik g\u00fc\u00e7lerinin bug\u00fcn, 9 \u015eubat tarihinde \u015eam\u2019\u0131n Berze Konutlar\u0131 Semtinde Polis Kul\u00fcb\u00fc yak\u0131nlar\u0131nda bombal\u0131 bir ara\u00e7la d\u00fczenlenen ter\u00f6r eyleminin faillerini yakalad\u0131klar\u0131n\u0131 belirtti.<\/p>\n<p>I\u015e\u0130D \u00d6rg\u00fct\u00fcn\u00fcn sorumlulu\u011funu \u00fcstlendi\u011fi s\u00f6z konusu bombal\u0131 ter\u00f6r eyleminde 3 vatanda\u015f \u015fehit d\u00fc\u015ferken, bir\u00e7ok vatanda\u015f da yaralanm\u0131\u015ft\u0131.<\/p>\n","protected":false},"excerpt":{"rendered":"<p>\u015eAM \u2013 \u0130\u00e7i\u015fleri Bakanl\u0131\u011f\u0131nda yetkili bir kaynak g\u00fcvenlik g\u00fc\u00e7lerinin bug\u00fcn, 9 \u015eubat tarihinde \u015eam\u2019\u0131n Berze Konutlar\u0131 Semtinde Polis Kul\u00fcb\u00fc yak\u0131nlar\u0131nda bombal\u0131 bir ara\u00e7la d\u00fczenlenen ter\u00f6r eyleminin faillerini yakalad\u0131klar\u0131n\u0131 belirtti. I\u015e\u0130D \u00d6rg\u00fct\u00fcn\u00fcn sorumlulu\u011funu \u00fcstlendi\u011fi s\u00f6z konusu bombal\u0131 ter\u00f6r eyleminde 3 vatanda\u015f \u015fehit d\u00fc\u015ferken, bir\u00e7ok vatanda\u015f da yaralanm\u0131\u015ft\u0131.<\/p>\n","protected":false},"author":1,"featured_media":61636,"comment_status":"closed","ping_status":"closed","sticky":false,"template":"","format":"standard","meta":{"footnotes":""},"categories":[479,17988,478],"tags":[19271],"class_list":["post-61635","post","type-post","status-publish","format-standard","has-post-thumbnail","","category-haberler-yerel","category-son-haberler","category-yerel","tag-bombali-eylemin-failleri-yakandi"],"_links":{"self":[{"href":"https:\/\/archive.sana.sy\/tr\/index.php?rest_route=\/wp\/v2\/posts\/61635","targetHints":{"allow":["GET"]}}],"collection":[{"href":"https:\/\/archive.sana.sy\/tr\/index.php?rest_route=\/wp\/v2\/posts"}],"about":[{"href":"https:\/\/archive.sana.sy\/tr\/index.php?rest_route=\/wp\/v2\/types\/post"}],"author":[{"embeddable":true,"href":"https:\/\/archive.sana.sy\/tr\/index.php?rest_route=\/wp\/v2\/users\/1"}],"replies":[{"embeddable":true,"href":"https:\/\/archive.sana.sy\/tr\/index.php?rest_route=%2Fwp%2Fv2%2Fcomments&post=61635"}],"version-history":[{"count":0,"href":"https:\/\/archive.sana.sy\/tr\/index.php?rest_route=\/wp\/v2\/posts\/61635\/revisions"}],"wp:featuredmedia":[{"embeddable":true,"href":"https:\/\/archive.sana.sy\/tr\/index.php?rest_route=\/wp\/v2\/media\/61636"}],"wp:attachment":[{"href":"https:\/\/archive.sana.sy\/tr\/index.php?rest_route=%2Fwp%2Fv2%2Fmedia&parent=61635"}],"wp:term":[{"taxonomy":"category","embeddable":true,"href":"https:\/\/archive.sana.sy\/tr\/index.php?rest_route=%2Fwp%2Fv2%2Fcategories&post=61635"},{"taxonomy":"post_tag","embeddable":true,"href":"https:\/\/archive.sana.sy\/tr\/index.php?rest_route=%2Fwp%2Fv2%2Ftags&post=61635"}],"curies":[{"name":"wp","href":"https:\/\/api.w.org\/{rel}","templated":true}]}}