{"id":61644,"date":"2016-02-16T17:49:54","date_gmt":"2016-02-16T15:49:54","guid":{"rendered":"http:\/\/www.sana.sy\/tr\/?p=61644"},"modified":"2016-02-16T17:51:20","modified_gmt":"2016-02-16T15:51:20","slug":"orduya-desteklerini-vatan-bayragini-gondere-cekmekle-ifade-ettiler-2","status":"publish","type":"post","link":"https:\/\/archive.sana.sy\/tr\/?p=61644","title":{"rendered":"Orduya Desteklerini Vatan Bayra\u011f\u0131n\u0131 G\u00f6ndere \u00c7ekmekle \u0130fade Ettiler"},"content":{"rendered":"<p>Ba\u015fkent \u015eam\u2019\u0131n kuzeydo\u011fusu Ebu Cer\u015f Semti ahalisi bug\u00fcn muhtelif kesimleri ve bile\u015fenleriyle yurdun muhtelif b\u00f6lgelerinde \u015fan ve zafer bayraklar\u0131n\u0131 dalgaland\u0131ran ordu birliklerimize destek amac\u0131yla semtlerinde bulunan Ebu el Nur Park\u0131nda vatan\u0131n \u015fanl\u0131 bayra\u011f\u0131n\u0131 g\u00f6ndere \u00e7ektiler.<\/p>\n<p>https:\/\/www.youtube.com\/watch?v=6gYNbOEWKLs<\/p>\n","protected":false},"excerpt":{"rendered":"<p>Ba\u015fkent \u015eam\u2019\u0131n kuzeydo\u011fusu Ebu Cer\u015f Semti ahalisi bug\u00fcn muhtelif kesimleri ve bile\u015fenleriyle yurdun muhtelif b\u00f6lgelerinde \u015fan ve zafer bayraklar\u0131n\u0131 dalgaland\u0131ran ordu birliklerimize destek amac\u0131yla semtlerinde bulunan Ebu el Nur Park\u0131nda vatan\u0131n \u015fanl\u0131 bayra\u011f\u0131n\u0131 g\u00f6ndere \u00e7ektiler. https:\/\/www.youtube.com\/watch?v=6gYNbOEWKLs<\/p>\n","protected":false},"author":1,"featured_media":61647,"comment_status":"closed","ping_status":"closed","sticky":false,"template":"","format":"standard","meta":{"footnotes":""},"categories":[18295],"tags":[],"class_list":["post-61644","post","type-post","status-publish","format-standard","has-post-thumbnail","","category-sana-video"],"_links":{"self":[{"href":"https:\/\/archive.sana.sy\/tr\/index.php?rest_route=\/wp\/v2\/posts\/61644","targetHints":{"allow":["GET"]}}],"collection":[{"href":"https:\/\/archive.sana.sy\/tr\/index.php?rest_route=\/wp\/v2\/posts"}],"about":[{"href":"https:\/\/archive.sana.sy\/tr\/index.php?rest_route=\/wp\/v2\/types\/post"}],"author":[{"embeddable":true,"href":"https:\/\/archive.sana.sy\/tr\/index.php?rest_route=\/wp\/v2\/users\/1"}],"replies":[{"embeddable":true,"href":"https:\/\/archive.sana.sy\/tr\/index.php?rest_route=%2Fwp%2Fv2%2Fcomments&post=61644"}],"version-history":[{"count":0,"href":"https:\/\/archive.sana.sy\/tr\/index.php?rest_route=\/wp\/v2\/posts\/61644\/revisions"}],"wp:featuredmedia":[{"embeddable":true,"href":"https:\/\/archive.sana.sy\/tr\/index.php?rest_route=\/wp\/v2\/media\/61647"}],"wp:attachment":[{"href":"https:\/\/archive.sana.sy\/tr\/index.php?rest_route=%2Fwp%2Fv2%2Fmedia&parent=61644"}],"wp:term":[{"taxonomy":"category","embeddable":true,"href":"https:\/\/archive.sana.sy\/tr\/index.php?rest_route=%2Fwp%2Fv2%2Fcategories&post=61644"},{"taxonomy":"post_tag","embeddable":true,"href":"https:\/\/archive.sana.sy\/tr\/index.php?rest_route=%2Fwp%2Fv2%2Ftags&post=61644"}],"curies":[{"name":"wp","href":"https:\/\/api.w.org\/{rel}","templated":true}]}}