{"id":61706,"date":"2016-02-17T13:54:21","date_gmt":"2016-02-17T11:54:21","guid":{"rendered":"http:\/\/www.sana.sy\/tr\/?p=61706"},"modified":"2016-02-19T16:56:07","modified_gmt":"2016-02-19T14:56:07","slug":"nadiren-saglanan-bu-durum-bir-seyin-delaletidir","status":"publish","type":"post","link":"https:\/\/archive.sana.sy\/tr\/?p=61706","title":{"rendered":"Nadiren Sa\u011flanan Bu Durum Bir \u015eeyin Delaletidir"},"content":{"rendered":"<p>NEW YORK \u2013 Suriye&#8217;nin Birle\u015fmi\u015f Milletlerdeki Daimi Temsilcisi Be\u015f\u015far el Caferi; Suriye topraklar\u0131na sald\u0131ran T\u00fcrkiye rejiminden hesap sorulmas\u0131n\u0131 talep ederken, bu rejimin herkesi Suriye&#8217;de t\u0131rmand\u0131rmalara s\u00fcr\u00fcklemeye \u00e7al\u0131\u015ft\u0131\u011f\u0131na dikkat \u00e7ekti.<\/p>\n<p>BM G\u00fcvenlik Konseyinin d\u00fcn gece d\u00fczenledi\u011fi ve Rusya&#8217;n\u0131n T\u00fcrkiye rejiminin Suriye topraklar\u0131na sald\u0131r\u0131lar\u0131n\u0131n tart\u0131\u015f\u0131lmas\u0131na davet etti\u011fi oturum ard\u0131ndan bas\u0131n a\u00e7\u0131klamas\u0131 yapan Caferi; T\u00fcrkiye&#8217;nin m\u00fcttefikleri ve Suriye&#8217;ye y\u00f6nelik yanl\u0131\u015f politikas\u0131n\u0131n g\u00f6zetmenleri dahil olmak \u00fczere t\u00fcm taraflar\u0131n bu sald\u0131r\u0131lardan derin bir endi\u015fe duyduklar\u0131na vurgu yapt\u0131. Caferi herkesin T\u00fcrkiye&#8217;nin Suriye topraklar\u0131na sald\u0131r\u0131lar\u0131n\u0131 d\u00fc\u015fmanc\u0131 ve sorumsuz bir tutum olarak nitelendirdiklerini, uluslar aras\u0131 kararlar ve BM misak\u0131na a\u00e7\u0131k bir ihlal te\u015fkil etti\u011fine dikkat \u00e7ekti.<\/p>\n<p>Bu \u015fekilde toplu bir g\u00f6r\u00fc\u015f birli\u011finin nadiren sa\u011fland\u0131\u011f\u0131na i\u015faret eden Caferi; bunun belirli bir duruma i\u015faret etti\u011fine vurgu yapt\u0131.<\/p>\n<p>Caferi Suriye&#8217;nin BM ve G\u00fcvenlik Konseyine; T\u00fcrkiye rejiminin Suriye&#8217;de devlete ve halka kar\u015f\u0131 vah\u015fi eylemlerde bulunan ter\u00f6r \u00f6rg\u00fctlere deste\u011fine \u0131\u015f\u0131k tutan y\u00fczlerce resmi mektup g\u00f6nderdi\u011fini hat\u0131rlatt\u0131. Kan\u0131tlarla destekli remi mektuplarda T\u00fcrkiye rejiminin d\u00fcnyan\u0131n her yerinden gelip Suriye&#8217;de I\u015e\u0130D\u2019e kat\u0131lan binlerce tekfirciye verdi\u011fi deste\u011fe dikkat \u00e7ekildi\u011fini ifade eden Caferi; ayn\u0131 zamanda I\u015e\u0130D\u2019in milyonlarca dolar finans elde etti\u011fi \u00e7al\u0131nt\u0131 petrol ticaretinde T\u00fcrkiye rejiminin rol\u00fcne de vurgu yap\u0131ld\u0131\u011f\u0131n\u0131 s\u00f6yledi.<\/p>\n<p>Caferi Suriye&#8217;nin, T\u00fcrkiye rejiminin bu sald\u0131r\u0131lar\u0131na cevap vermenin yan\u0131 s\u0131ra her t\u00fcrl\u00fc tazminat talep etme hakk\u0131n\u0131 sakl\u0131 tuttu\u011funu ifade ederken, ter\u00f6re deste\u011fini ve Suriye&#8217;ye y\u00f6nelik ihlallerine son vermesine zorlanmas\u0131 i\u00e7in BM G\u00fcvenlik Konseyindeki \u00e7abalar\u0131n\u0131 s\u00fcrd\u00fcrece\u011fini belirtti.<\/p>\n<p>T\u00fcrkiye&#8217;nin Suriye&#8217;ye sald\u0131r\u0131lar\u0131n\u0131n yol a\u00e7aca\u011f\u0131 tehlikenin t\u00fcm b\u00f6lgeye yay\u0131lmas\u0131 ve hatta d\u00fcnya g\u00fcvenli\u011fini tehdit etmesi y\u00f6n\u00fcnde uyar\u0131da bulunan Caferi; T\u00fcrkiye rejiminin herkesi bu kabusa s\u00fcr\u00fcklemeye \u00e7al\u0131\u015ft\u0131\u011f\u0131n\u0131n alt\u0131n\u0131 \u00e7izdi.<\/p>\n<p>Caferi Suriye ordusunun I\u015e\u0130D dahil ter\u00f6r \u00f6rg\u00fctlere kar\u015f\u0131 sa\u011flad\u0131\u011f\u0131 ba\u015far\u0131lar\u0131n bu ter\u00f6ristlere be\u015f y\u0131ld\u0131r her t\u00fcrl\u00fc deste\u011fi temin eden T\u00fcrkiye rejimi ve m\u00fcttefiklerine ciddi bir rahats\u0131zl\u0131k verdi\u011finin alt\u0131n\u0131 \u00e7izdi. Bu taraflar\u0131n d\u00fc\u015ft\u00fckleri histerik durumda uluslar aras\u0131 yasaklanm\u0131\u015f her t\u00fcrl\u00fc silah\u0131 kullanma ahmakl\u0131\u011f\u0131na sahip olduklar\u0131na dikkat \u00e7eken Caferi; ter\u00f6ristlerin daha \u00f6nce Suriye&#8217;de kulland\u0131klar\u0131 sarin gaz\u0131 ve kimyasal silahlar\u0131n temini ve ge\u00e7i\u015finde T\u00fcrkiye rejiminin deste\u011fini kan\u0131tlar\u0131n BM ve G\u00fcvenlik Konseyine takdim edildiklerine i\u015faret etti.<\/p>\n<p>Birka\u00e7 g\u00fcn \u00f6nce medyada ba\u015flat\u0131lan h\u0131r\u00e7\u0131n hamlede \u00f6ne s\u00fcr\u00fclen yalanlar konusunda ise Caferi; \u0130dlib\u2019te bombalanan hastanenin ABD komutas\u0131ndaki uluslar aras\u0131 koalisyon u\u00e7aklar\u0131 taraf\u0131ndan bombaland\u0131\u011f\u0131na dair Suriye&#8217;nin elinde kesin bilgiler bulundu\u011funu vurgulad\u0131. Caferi, fakat ter\u00f6r\u00fc destekleyen devletler ve yanda\u015f hamlelerinin daha \u00f6nce de oldu\u011fu gibi bunun sorumlulu\u011funu Suriye h\u00fck\u00fcmeti ve ter\u00f6rle m\u00fccadelede etkin ve g\u00fc\u00e7l\u00fc bir destek veren Rusya&#8217;ya su\u00e7lamalarda bulunduklar\u0131n\u0131 s\u00f6yledi. Caferi her \u015feye ra\u011fmen bombalanan hastanenin Fransa istihbarat\u0131n\u0131n bir par\u00e7as\u0131 olan S\u0131n\u0131r Tan\u0131mayan Doktorlar \u00d6rg\u00fct\u00fc taraf\u0131ndan Suriye h\u00fck\u00fcmetinin haber ve onay\u0131 olmadan Suriye&#8217;ye ge\u00e7irildi\u011fini ifade ederek, dolay\u0131s\u0131yla meydana gelenlerin sorumlulu\u011funun tamamen onlara d\u00fc\u015ft\u00fc\u011f\u00fcn\u00fc belirtti.<\/p>\n<p>Irak\u2019\u0131n tutumu konusunda ise Caferi; iki \u00fclke ve halk\u0131n\u0131n ayn\u0131 d\u00fc\u015fmana kar\u015f\u0131 sava\u015ft\u0131klar\u0131n\u0131, T\u00fcrkiye, Suudi Arabistan ve Katar\u2019\u0131n destekledikleri ter\u00f6re ortak m\u00fccadele verdiklerine dikkat \u00e7ekti.<\/p>\n<p>Ate\u015fkesin bu haftan\u0131n sonunda ilan edilmesi konusunda ise Caferi, bunun daha uzun bir s\u00fcre alaca\u011f\u0131n\u0131 belirtti. Caferi ate\u015fkes konusundan s\u00f6z edenlerin bunun yerine ter\u00f6re deste\u011fin kesilmesine odaklanmalar\u0131n\u0131n daha do\u011fru olaca\u011f\u0131n\u0131 ifade etti.<\/p>\n","protected":false},"excerpt":{"rendered":"<p>NEW YORK \u2013 Suriye&#8217;nin Birle\u015fmi\u015f Milletlerdeki Daimi Temsilcisi Be\u015f\u015far el Caferi; Suriye topraklar\u0131na sald\u0131ran T\u00fcrkiye rejiminden hesap sorulmas\u0131n\u0131 talep ederken, bu rejimin herkesi Suriye&#8217;de t\u0131rmand\u0131rmalara s\u00fcr\u00fcklemeye \u00e7al\u0131\u015ft\u0131\u011f\u0131na dikkat \u00e7ekti. BM G\u00fcvenlik Konseyinin d\u00fcn gece d\u00fczenledi\u011fi ve Rusya&#8217;n\u0131n T\u00fcrkiye rejiminin Suriye topraklar\u0131na sald\u0131r\u0131lar\u0131n\u0131n tart\u0131\u015f\u0131lmas\u0131na davet etti\u011fi oturum ard\u0131ndan bas\u0131n a\u00e7\u0131klamas\u0131 yapan Caferi; T\u00fcrkiye&#8217;nin m\u00fcttefikleri ve Suriye&#8217;ye &hellip;<\/p>\n","protected":false},"author":1,"featured_media":61707,"comment_status":"closed","ping_status":"closed","sticky":false,"template":"","format":"standard","meta":{"footnotes":""},"categories":[17988,2554,2555],"tags":[18867,19277,14841],"class_list":["post-61706","post","type-post","status-publish","format-standard","has-post-thumbnail","","category-son-haberler","category-suriye-ve-dunya","category-suriye-ve-turkiye","tag-bessar-el-caferi","tag-bm-suriye-daimi-temsilcisi","tag-turkiye-rejimi"],"_links":{"self":[{"href":"https:\/\/archive.sana.sy\/tr\/index.php?rest_route=\/wp\/v2\/posts\/61706","targetHints":{"allow":["GET"]}}],"collection":[{"href":"https:\/\/archive.sana.sy\/tr\/index.php?rest_route=\/wp\/v2\/posts"}],"about":[{"href":"https:\/\/archive.sana.sy\/tr\/index.php?rest_route=\/wp\/v2\/types\/post"}],"author":[{"embeddable":true,"href":"https:\/\/archive.sana.sy\/tr\/index.php?rest_route=\/wp\/v2\/users\/1"}],"replies":[{"embeddable":true,"href":"https:\/\/archive.sana.sy\/tr\/index.php?rest_route=%2Fwp%2Fv2%2Fcomments&post=61706"}],"version-history":[{"count":0,"href":"https:\/\/archive.sana.sy\/tr\/index.php?rest_route=\/wp\/v2\/posts\/61706\/revisions"}],"wp:featuredmedia":[{"embeddable":true,"href":"https:\/\/archive.sana.sy\/tr\/index.php?rest_route=\/wp\/v2\/media\/61707"}],"wp:attachment":[{"href":"https:\/\/archive.sana.sy\/tr\/index.php?rest_route=%2Fwp%2Fv2%2Fmedia&parent=61706"}],"wp:term":[{"taxonomy":"category","embeddable":true,"href":"https:\/\/archive.sana.sy\/tr\/index.php?rest_route=%2Fwp%2Fv2%2Fcategories&post=61706"},{"taxonomy":"post_tag","embeddable":true,"href":"https:\/\/archive.sana.sy\/tr\/index.php?rest_route=%2Fwp%2Fv2%2Ftags&post=61706"}],"curies":[{"name":"wp","href":"https:\/\/api.w.org\/{rel}","templated":true}]}}