{"id":6171,"date":"2014-07-30T22:29:17","date_gmt":"2014-07-30T19:29:17","guid":{"rendered":"http:\/\/www.sana.sy\/tr\/?p=6171"},"modified":"2014-07-31T16:42:25","modified_gmt":"2014-07-31T13:42:25","slug":"hareketlilik-halkin-yasama-tutunma-israri-ve-terore-meydan-okumasini-yansitiyor","status":"publish","type":"post","link":"https:\/\/archive.sana.sy\/tr\/?p=6171","title":{"rendered":"Hareketlilik Halk\u0131n Ya\u015fama Tutunma Israr\u0131 ve Ter\u00f6re Meydan Okumas\u0131n\u0131 Yans\u0131t\u0131yor"},"content":{"rendered":"<p>\u015eAM \u2013 Ba\u015fbakan Vail el Halaki turizm sekt\u00f6r\u00fcn\u00fcn \u00f6n\u00fcm\u00fczdeki s\u00fcre\u00e7 i\u00e7inde kapsaml\u0131, dengeli ve s\u00fcrd\u00fcr\u00fclebilir kalk\u0131nman\u0131n ana damar\u0131n\u0131 olu\u015fturmas\u0131yla birlikte ulusal ekonomiye destek olmas\u0131, i\u015f f\u0131rsatlar\u0131 yaratmas\u0131 ve sosyal istikrar\u0131n sa\u011flanmas\u0131nda bu sekt\u00f6re b\u00fcy\u00fck umutlar ba\u011fland\u0131\u011f\u0131n\u0131 ifade etti.<\/p>\n<p>\u015eam\u2019\u0131n Rabva B\u00f6lgesinde bir dizi restoran ve turizm kompleksine saha gezisinde bulunan Ba\u015fbakan Halaki; Suriye e halk\u0131na dayat\u0131lan kat\u0131 ekonomik yapt\u0131r\u0131mlar\u0131n yan\u0131 s\u0131ra silahl\u0131 ter\u00f6r gruplar\u0131n\u0131n turizm sekt\u00f6r\u00fcn\u00fc sistematik bir \u015fekilde hedef almalar\u0131na ra\u011fmen Suriye halk\u0131n\u0131n g\u00fc\u00e7l\u00fc iradesi ve h\u00fck\u00fcmetin kararl\u0131l\u0131\u011f\u0131yla bu turizm sekt\u00f6r\u00fcn\u00fcn yeniden eski parlakl\u0131\u011f\u0131n\u0131 kazanaca\u011f\u0131n\u0131 belirtti.<\/p>\n<p>\u00d6n\u00fcm\u00fczdeki s\u00fcre\u00e7te yeniden yap\u0131land\u0131rma \u00e7al\u0131\u015fmalar\u0131n\u0131n t\u00fcm hizmet, ekonomik, kalk\u0131nsal ve di\u011fer sekt\u00f6rleri kapsayacak \u015fekilde y\u00fcr\u00fct\u00fclece\u011fini belirten Halaki; k\u00fc\u00e7\u00fck ve b\u00fcy\u00fck sanayi kurumlar\u0131na odaklan\u0131laca\u011f\u0131n\u0131 s\u00f6yledi.<\/p>\n<p>Ba\u015fbakan Halaki saha ziyareti s\u0131ras\u0131nda turizm kompleksleri ve restoranlarda g\u00f6rd\u00fc\u011f\u00fc yo\u011fun hareketlili\u011fin, Suriye halk\u0131n\u0131n ya\u015fama tutunma \u0131srar\u0131 ve ter\u00f6r gruplar\u0131yla birlikte destekleyicilerine meydan okumalar\u0131n\u0131n bir kan\u0131t\u0131 oldu\u011funu belirtti.<\/p>\n<p>\u0130\u015flemleri y\u00fcr\u00fctmekle m\u00fckellef ge\u00e7ici h\u00fck\u00fcmette turizm, i\u00e7 ticaret ve t\u00fcketiciyi koruma ve maliye bakanlar\u0131n\u0131n e\u015flik ettikleri saha gezisinde Ba\u015fbakan Halaki; hizmet kalitesi ve fiyatlar\u0131n s\u0131k\u0131 bir \u015fekilde denetlenmesi \u00f6neminin alt\u0131n\u0131 \u00e7izdi.<\/p>\n<div id='gallery-1' class='gallery galleryid-6171 gallery-columns-2 gallery-size-thumbnail'><figure class='gallery-item'>\n\t\t\t<div class='gallery-icon landscape'>\n\t\t\t\t<a href='https:\/\/archive.sana.sy\/tr\/wp-content\/uploads\/2014\/07\/ba\u015fbakan-2.jpg'><img loading=\"lazy\" decoding=\"async\" width=\"150\" height=\"79\" src=\"https:\/\/archive.sana.sy\/tr\/wp-content\/uploads\/2014\/07\/ba\u015fbakan-2-150x79.jpg\" class=\"attachment-thumbnail size-thumbnail\" alt=\"\" srcset=\"https:\/\/archive.sana.sy\/tr\/wp-content\/uploads\/2014\/07\/ba\u015fbakan-2-150x79.jpg 150w, https:\/\/archive.sana.sy\/tr\/wp-content\/uploads\/2014\/07\/ba\u015fbakan-2-300x160.jpg 300w, https:\/\/archive.sana.sy\/tr\/wp-content\/uploads\/2014\/07\/ba\u015fbakan-2.jpg 381w\" sizes=\"auto, (max-width: 150px) 100vw, 150px\" \/><\/a>\n\t\t\t<\/div><\/figure><figure class='gallery-item'>\n\t\t\t<div class='gallery-icon landscape'>\n\t\t\t\t<a href='https:\/\/archive.sana.sy\/tr\/wp-content\/uploads\/2014\/07\/ba\u015fbakan-3.jpg'><img loading=\"lazy\" decoding=\"async\" width=\"150\" height=\"79\" src=\"https:\/\/archive.sana.sy\/tr\/wp-content\/uploads\/2014\/07\/ba\u015fbakan-3-150x79.jpg\" class=\"attachment-thumbnail size-thumbnail\" alt=\"\" srcset=\"https:\/\/archive.sana.sy\/tr\/wp-content\/uploads\/2014\/07\/ba\u015fbakan-3-150x79.jpg 150w, https:\/\/archive.sana.sy\/tr\/wp-content\/uploads\/2014\/07\/ba\u015fbakan-3-300x160.jpg 300w, https:\/\/archive.sana.sy\/tr\/wp-content\/uploads\/2014\/07\/ba\u015fbakan-3.jpg 381w\" sizes=\"auto, (max-width: 150px) 100vw, 150px\" \/><\/a>\n\t\t\t<\/div><\/figure><figure class='gallery-item'>\n\t\t\t<div class='gallery-icon landscape'>\n\t\t\t\t<a href='https:\/\/archive.sana.sy\/tr\/wp-content\/uploads\/2014\/07\/ba\u015fbakan-4.jpg'><img loading=\"lazy\" decoding=\"async\" width=\"150\" height=\"79\" src=\"https:\/\/archive.sana.sy\/tr\/wp-content\/uploads\/2014\/07\/ba\u015fbakan-4-150x79.jpg\" class=\"attachment-thumbnail size-thumbnail\" alt=\"\" srcset=\"https:\/\/archive.sana.sy\/tr\/wp-content\/uploads\/2014\/07\/ba\u015fbakan-4-150x79.jpg 150w, https:\/\/archive.sana.sy\/tr\/wp-content\/uploads\/2014\/07\/ba\u015fbakan-4-300x160.jpg 300w, https:\/\/archive.sana.sy\/tr\/wp-content\/uploads\/2014\/07\/ba\u015fbakan-4.jpg 381w\" sizes=\"auto, (max-width: 150px) 100vw, 150px\" \/><\/a>\n\t\t\t<\/div><\/figure><figure class='gallery-item'>\n\t\t\t<div class='gallery-icon landscape'>\n\t\t\t\t<a href='https:\/\/archive.sana.sy\/tr\/wp-content\/uploads\/2014\/07\/ba\u015fbakan-5.jpg'><img loading=\"lazy\" decoding=\"async\" width=\"150\" height=\"79\" src=\"https:\/\/archive.sana.sy\/tr\/wp-content\/uploads\/2014\/07\/ba\u015fbakan-5-150x79.jpg\" class=\"attachment-thumbnail size-thumbnail\" alt=\"\" srcset=\"https:\/\/archive.sana.sy\/tr\/wp-content\/uploads\/2014\/07\/ba\u015fbakan-5-150x79.jpg 150w, https:\/\/archive.sana.sy\/tr\/wp-content\/uploads\/2014\/07\/ba\u015fbakan-5-300x160.jpg 300w, https:\/\/archive.sana.sy\/tr\/wp-content\/uploads\/2014\/07\/ba\u015fbakan-5.jpg 381w\" sizes=\"auto, (max-width: 150px) 100vw, 150px\" \/><\/a>\n\t\t\t<\/div><\/figure>\n\t\t<\/div>\n\n","protected":false},"excerpt":{"rendered":"<p>\u015eAM \u2013 Ba\u015fbakan Vail el Halaki turizm sekt\u00f6r\u00fcn\u00fcn \u00f6n\u00fcm\u00fczdeki s\u00fcre\u00e7 i\u00e7inde kapsaml\u0131, dengeli ve s\u00fcrd\u00fcr\u00fclebilir kalk\u0131nman\u0131n ana damar\u0131n\u0131 olu\u015fturmas\u0131yla birlikte ulusal ekonomiye destek olmas\u0131, i\u015f f\u0131rsatlar\u0131 yaratmas\u0131 ve sosyal istikrar\u0131n sa\u011flanmas\u0131nda bu sekt\u00f6re b\u00fcy\u00fck umutlar ba\u011fland\u0131\u011f\u0131n\u0131 ifade etti. \u015eam\u2019\u0131n Rabva B\u00f6lgesinde bir dizi restoran ve turizm kompleksine saha gezisinde bulunan Ba\u015fbakan Halaki; Suriye e halk\u0131na &hellip;<\/p>\n","protected":false},"author":1,"featured_media":6176,"comment_status":"closed","ping_status":"closed","sticky":false,"template":"","format":"standard","meta":{"footnotes":""},"categories":[479,478],"tags":[1367],"class_list":["post-6171","post","type-post","status-publish","format-standard","has-post-thumbnail","","category-haberler-yerel","category-yerel","tag-hareketlilik-halkin-yasama-tutunma-israri-ve-terore-meydan-okumasini-yansitiyor"],"_links":{"self":[{"href":"https:\/\/archive.sana.sy\/tr\/index.php?rest_route=\/wp\/v2\/posts\/6171","targetHints":{"allow":["GET"]}}],"collection":[{"href":"https:\/\/archive.sana.sy\/tr\/index.php?rest_route=\/wp\/v2\/posts"}],"about":[{"href":"https:\/\/archive.sana.sy\/tr\/index.php?rest_route=\/wp\/v2\/types\/post"}],"author":[{"embeddable":true,"href":"https:\/\/archive.sana.sy\/tr\/index.php?rest_route=\/wp\/v2\/users\/1"}],"replies":[{"embeddable":true,"href":"https:\/\/archive.sana.sy\/tr\/index.php?rest_route=%2Fwp%2Fv2%2Fcomments&post=6171"}],"version-history":[{"count":0,"href":"https:\/\/archive.sana.sy\/tr\/index.php?rest_route=\/wp\/v2\/posts\/6171\/revisions"}],"wp:featuredmedia":[{"embeddable":true,"href":"https:\/\/archive.sana.sy\/tr\/index.php?rest_route=\/wp\/v2\/media\/6176"}],"wp:attachment":[{"href":"https:\/\/archive.sana.sy\/tr\/index.php?rest_route=%2Fwp%2Fv2%2Fmedia&parent=6171"}],"wp:term":[{"taxonomy":"category","embeddable":true,"href":"https:\/\/archive.sana.sy\/tr\/index.php?rest_route=%2Fwp%2Fv2%2Fcategories&post=6171"},{"taxonomy":"post_tag","embeddable":true,"href":"https:\/\/archive.sana.sy\/tr\/index.php?rest_route=%2Fwp%2Fv2%2Ftags&post=6171"}],"curies":[{"name":"wp","href":"https:\/\/api.w.org\/{rel}","templated":true}]}}