{"id":61717,"date":"2016-02-17T10:50:59","date_gmt":"2016-02-17T08:50:59","guid":{"rendered":"http:\/\/www.sana.sy\/tr\/?p=61717"},"modified":"2016-02-17T14:21:21","modified_gmt":"2016-02-17T12:21:21","slug":"sanaya-aciklama-yapan-askeri-kaynak-halep-ve-kirsalinda-turkiye-rejiminin-destekledigi-tekfirci-ve-hain-teroristlere-yonelik-operasyonlarin-basariyla-devam-ettigini-ifade-ederken-cub-absa-b","status":"publish","type":"post","link":"https:\/\/archive.sana.sy\/tr\/?p=61717","title":{"rendered":"SANA\u2019ya a\u00e7\u0131klama yapan askeri kaynak Halep ve k\u0131rsal\u0131nda T\u00fcrkiye rejiminin destekledi\u011fi tekfirci ve hain ter\u00f6ristlere y\u00f6nelik operasyonlar\u0131n ba\u015far\u0131yla devam etti\u011fini ifade ederken, Cub Ab\u015fa, Bab, Tel Alem ve Deyr Kak b\u00f6lgelerinde I\u015e\u0130D ve di\u011fer tekfirci ter\u00f6ristlerin mevkilerinin hava g\u00fc\u00e7lerimiz taraf\u0131ndan imha edildi\u011fini belirtti"},"content":{"rendered":"<p>SANA\u2019ya a\u00e7\u0131klama yapan askeri kaynak Halep ve k\u0131rsal\u0131nda T\u00fcrkiye rejiminin destekledi\u011fi tekfirci ve hain ter\u00f6ristlere y\u00f6nelik operasyonlar\u0131n ba\u015far\u0131yla devam etti\u011fini ifade ederken, Cub Ab\u015fa, Bab, Tel Alem ve Deyr Kak b\u00f6lgelerinde I\u015e\u0130D ve di\u011fer tekfirci ter\u00f6ristlerin mevkilerinin hava g\u00fc\u00e7lerimiz taraf\u0131ndan imha edildi\u011fini belirtti<\/p>\n","protected":false},"excerpt":{"rendered":"<p>SANA\u2019ya a\u00e7\u0131klama yapan askeri kaynak Halep ve k\u0131rsal\u0131nda T\u00fcrkiye rejiminin destekledi\u011fi tekfirci ve hain ter\u00f6ristlere y\u00f6nelik operasyonlar\u0131n ba\u015far\u0131yla devam etti\u011fini ifade ederken, Cub Ab\u015fa, Bab, Tel Alem ve Deyr Kak b\u00f6lgelerinde I\u015e\u0130D ve di\u011fer tekfirci ter\u00f6ristlerin mevkilerinin hava g\u00fc\u00e7lerimiz taraf\u0131ndan imha edildi\u011fini belirtti<\/p>\n","protected":false},"author":1,"featured_media":0,"comment_status":"closed","ping_status":"closed","sticky":false,"template":"","format":"standard","meta":{"footnotes":""},"categories":[17991],"tags":[],"class_list":["post-61717","post","type-post","status-publish","format-standard","","category-son-dakika"],"_links":{"self":[{"href":"https:\/\/archive.sana.sy\/tr\/index.php?rest_route=\/wp\/v2\/posts\/61717","targetHints":{"allow":["GET"]}}],"collection":[{"href":"https:\/\/archive.sana.sy\/tr\/index.php?rest_route=\/wp\/v2\/posts"}],"about":[{"href":"https:\/\/archive.sana.sy\/tr\/index.php?rest_route=\/wp\/v2\/types\/post"}],"author":[{"embeddable":true,"href":"https:\/\/archive.sana.sy\/tr\/index.php?rest_route=\/wp\/v2\/users\/1"}],"replies":[{"embeddable":true,"href":"https:\/\/archive.sana.sy\/tr\/index.php?rest_route=%2Fwp%2Fv2%2Fcomments&post=61717"}],"version-history":[{"count":0,"href":"https:\/\/archive.sana.sy\/tr\/index.php?rest_route=\/wp\/v2\/posts\/61717\/revisions"}],"wp:attachment":[{"href":"https:\/\/archive.sana.sy\/tr\/index.php?rest_route=%2Fwp%2Fv2%2Fmedia&parent=61717"}],"wp:term":[{"taxonomy":"category","embeddable":true,"href":"https:\/\/archive.sana.sy\/tr\/index.php?rest_route=%2Fwp%2Fv2%2Fcategories&post=61717"},{"taxonomy":"post_tag","embeddable":true,"href":"https:\/\/archive.sana.sy\/tr\/index.php?rest_route=%2Fwp%2Fv2%2Ftags&post=61717"}],"curies":[{"name":"wp","href":"https:\/\/api.w.org\/{rel}","templated":true}]}}