{"id":61771,"date":"2016-02-17T16:20:56","date_gmt":"2016-02-17T14:20:56","guid":{"rendered":"http:\/\/www.sana.sy\/tr\/?p=61771"},"modified":"2016-02-17T16:20:56","modified_gmt":"2016-02-17T14:20:56","slug":"cumhurbaskani-bessar-el-esad-yurtici-ve-yurtdisi-firar-suclarinin-yani-sira-askerlik-hizmeti-kanununda-17-02-2016-tarihinden-once-islenen-suclar-icin-genel-af-ongoren-yasama-kararini-onayladi","status":"publish","type":"post","link":"https:\/\/archive.sana.sy\/tr\/?p=61771","title":{"rendered":"Cumhurba\u015fkan\u0131 Be\u015f\u015far el Esad yurti\u00e7i ve yurtd\u0131\u015f\u0131 firar su\u00e7lar\u0131n\u0131n yan\u0131 s\u0131ra askerlik hizmeti kanununda 17-02-2016 tarihinden \u00f6nce i\u015flenen su\u00e7lar i\u00e7in genel af \u00f6ng\u00f6ren yasama karar\u0131n\u0131 onaylad\u0131"},"content":{"rendered":"<p>Cumhurba\u015fkan\u0131 Be\u015f\u015far el Esad yurti\u00e7i ve yurtd\u0131\u015f\u0131 firar su\u00e7lar\u0131n\u0131n yan\u0131 s\u0131ra askerlik hizmeti kanununda 17-02-2016 tarihinden \u00f6nce i\u015flenen su\u00e7lar i\u00e7in genel af \u00f6ng\u00f6ren yasama karar\u0131n\u0131 onaylad\u0131<\/p>\n","protected":false},"excerpt":{"rendered":"<p>Cumhurba\u015fkan\u0131 Be\u015f\u015far el Esad yurti\u00e7i ve yurtd\u0131\u015f\u0131 firar su\u00e7lar\u0131n\u0131n yan\u0131 s\u0131ra askerlik hizmeti kanununda 17-02-2016 tarihinden \u00f6nce i\u015flenen su\u00e7lar i\u00e7in genel af \u00f6ng\u00f6ren yasama karar\u0131n\u0131 onaylad\u0131<\/p>\n","protected":false},"author":1,"featured_media":0,"comment_status":"closed","ping_status":"closed","sticky":false,"template":"","format":"standard","meta":{"footnotes":""},"categories":[17991],"tags":[],"class_list":["post-61771","post","type-post","status-publish","format-standard","","category-son-dakika"],"_links":{"self":[{"href":"https:\/\/archive.sana.sy\/tr\/index.php?rest_route=\/wp\/v2\/posts\/61771","targetHints":{"allow":["GET"]}}],"collection":[{"href":"https:\/\/archive.sana.sy\/tr\/index.php?rest_route=\/wp\/v2\/posts"}],"about":[{"href":"https:\/\/archive.sana.sy\/tr\/index.php?rest_route=\/wp\/v2\/types\/post"}],"author":[{"embeddable":true,"href":"https:\/\/archive.sana.sy\/tr\/index.php?rest_route=\/wp\/v2\/users\/1"}],"replies":[{"embeddable":true,"href":"https:\/\/archive.sana.sy\/tr\/index.php?rest_route=%2Fwp%2Fv2%2Fcomments&post=61771"}],"version-history":[{"count":0,"href":"https:\/\/archive.sana.sy\/tr\/index.php?rest_route=\/wp\/v2\/posts\/61771\/revisions"}],"wp:attachment":[{"href":"https:\/\/archive.sana.sy\/tr\/index.php?rest_route=%2Fwp%2Fv2%2Fmedia&parent=61771"}],"wp:term":[{"taxonomy":"category","embeddable":true,"href":"https:\/\/archive.sana.sy\/tr\/index.php?rest_route=%2Fwp%2Fv2%2Fcategories&post=61771"},{"taxonomy":"post_tag","embeddable":true,"href":"https:\/\/archive.sana.sy\/tr\/index.php?rest_route=%2Fwp%2Fv2%2Ftags&post=61771"}],"curies":[{"name":"wp","href":"https:\/\/api.w.org\/{rel}","templated":true}]}}