{"id":61775,"date":"2016-02-17T16:29:17","date_gmt":"2016-02-17T14:29:17","guid":{"rendered":"http:\/\/www.sana.sy\/tr\/?p=61775"},"modified":"2016-02-18T16:37:59","modified_gmt":"2016-02-18T14:37:59","slug":"askeri-firar-suclarina-genel-af-karari-onaylandi","status":"publish","type":"post","link":"https:\/\/archive.sana.sy\/tr\/?p=61775","title":{"rendered":"Askeri Firar Su\u00e7lar\u0131na Genel Af Karar\u0131 Onayland\u0131"},"content":{"rendered":"<p>\u015eAM \u2013 Cumhurba\u015fkan\u0131 Be\u015f\u015far el Esad yurti\u00e7i ve yurtd\u0131\u015f\u0131 firar su\u00e7lar\u0131n\u0131n yan\u0131 s\u0131ra askerlik hizmeti kanununda 17-02-2016 tarihinden \u00f6nce i\u015flenen su\u00e7lar i\u00e7in genel af \u00f6ng\u00f6ren yasama karar\u0131n\u0131 onaylad\u0131.<\/p>\n<p>8\/2016 say\u0131l\u0131 yasama karar\u0131nda yurti\u00e7i ve yurtd\u0131\u015f\u0131 firar su\u00e7lar\u0131 cezalar\u0131n\u0131n tamam\u0131n\u0131n kald\u0131r\u0131lmas\u0131n\u0131 \u00f6ng\u00f6r\u00fcrken bunun i\u00e7in yurti\u00e7i firarda 30 g\u00fcn, yurtd\u0131\u015f\u0131 firarda da 60 g\u00fcn i\u00e7inde teslim olma s\u00fcresi \u015fart koyuldu.<\/p>\n","protected":false},"excerpt":{"rendered":"<p>\u015eAM \u2013 Cumhurba\u015fkan\u0131 Be\u015f\u015far el Esad yurti\u00e7i ve yurtd\u0131\u015f\u0131 firar su\u00e7lar\u0131n\u0131n yan\u0131 s\u0131ra askerlik hizmeti kanununda 17-02-2016 tarihinden \u00f6nce i\u015flenen su\u00e7lar i\u00e7in genel af \u00f6ng\u00f6ren yasama karar\u0131n\u0131 onaylad\u0131. 8\/2016 say\u0131l\u0131 yasama karar\u0131nda yurti\u00e7i ve yurtd\u0131\u015f\u0131 firar su\u00e7lar\u0131 cezalar\u0131n\u0131n tamam\u0131n\u0131n kald\u0131r\u0131lmas\u0131n\u0131 \u00f6ng\u00f6r\u00fcrken bunun i\u00e7in yurti\u00e7i firarda 30 g\u00fcn, yurtd\u0131\u015f\u0131 firarda da 60 g\u00fcn i\u00e7inde teslim olma &hellip;<\/p>\n","protected":false},"author":1,"featured_media":56583,"comment_status":"closed","ping_status":"closed","sticky":false,"template":"","format":"standard","meta":{"footnotes":""},"categories":[479,605,612,599,478],"tags":[19293],"class_list":["post-61775","post","type-post","status-publish","format-standard","has-post-thumbnail","","category-haberler-yerel","category-sayin-cumhurbaskani","category-yasama-kararnameler","category-yasama-ve-kanunlar","category-yerel","tag-askeri-firar-suclarina-genel-af-karari-onaylandi"],"_links":{"self":[{"href":"https:\/\/archive.sana.sy\/tr\/index.php?rest_route=\/wp\/v2\/posts\/61775","targetHints":{"allow":["GET"]}}],"collection":[{"href":"https:\/\/archive.sana.sy\/tr\/index.php?rest_route=\/wp\/v2\/posts"}],"about":[{"href":"https:\/\/archive.sana.sy\/tr\/index.php?rest_route=\/wp\/v2\/types\/post"}],"author":[{"embeddable":true,"href":"https:\/\/archive.sana.sy\/tr\/index.php?rest_route=\/wp\/v2\/users\/1"}],"replies":[{"embeddable":true,"href":"https:\/\/archive.sana.sy\/tr\/index.php?rest_route=%2Fwp%2Fv2%2Fcomments&post=61775"}],"version-history":[{"count":0,"href":"https:\/\/archive.sana.sy\/tr\/index.php?rest_route=\/wp\/v2\/posts\/61775\/revisions"}],"wp:featuredmedia":[{"embeddable":true,"href":"https:\/\/archive.sana.sy\/tr\/index.php?rest_route=\/wp\/v2\/media\/56583"}],"wp:attachment":[{"href":"https:\/\/archive.sana.sy\/tr\/index.php?rest_route=%2Fwp%2Fv2%2Fmedia&parent=61775"}],"wp:term":[{"taxonomy":"category","embeddable":true,"href":"https:\/\/archive.sana.sy\/tr\/index.php?rest_route=%2Fwp%2Fv2%2Fcategories&post=61775"},{"taxonomy":"post_tag","embeddable":true,"href":"https:\/\/archive.sana.sy\/tr\/index.php?rest_route=%2Fwp%2Fv2%2Ftags&post=61775"}],"curies":[{"name":"wp","href":"https:\/\/api.w.org\/{rel}","templated":true}]}}