{"id":6178,"date":"2014-07-30T22:40:12","date_gmt":"2014-07-30T19:40:12","guid":{"rendered":"http:\/\/www.sana.sy\/tr\/?p=6178"},"modified":"2014-07-30T22:40:12","modified_gmt":"2014-07-30T19:40:12","slug":"suleyman-sair-platformuna-saha-gezisinde-bulundu","status":"publish","type":"post","link":"https:\/\/archive.sana.sy\/tr\/?p=6178","title":{"rendered":"S\u00fcleyman \u015eair Platformuna Saha Gezisinde Bulundu"},"content":{"rendered":"<p>HOMS \u2013 \u0130\u015flemleri y\u00fcr\u00fctmekle m\u00fckellef kabinede Petrol ve Madeni Servetler Bakan\u0131 S\u00fcleyman Abbas bug\u00fcn Homs k\u0131rsal\u0131n\u0131n do\u011fusunda vatan koruyucular\u0131m\u0131z\u0131n tekfirci ve hain ter\u00f6r \u00e7etelerinden ar\u0131nd\u0131rd\u0131\u011f\u0131 \u015eair Do\u011falgaz Platformuna saha gezisinde bulunarak ter\u00f6ristlerin bulunduklar\u0131 sabotaj eylemleri neticesinde meydana gelen hasar\u0131 inceledi.<\/p>\n<p>Bakan S\u00fcleyman \u015eair Platformunun en k\u0131sa zamanda onar\u0131l\u0131p yeniden hizmete girmesi i\u00e7in gerekli \u00e7al\u0131\u015fma ve te\u00e7hizatlar\u0131n belirlenmesine odakl\u0131 olarak Ebla Do\u011falgaz \u0130stasyonunda geni\u015fletilmi\u015f bir oturum d\u00fczenlerken; b\u00f6lgedeki do\u011falgaz kurumlar\u0131nda \u00fcretimin artt\u0131r\u0131lmas\u0131 ama\u00e7l\u0131 gerekli mekanizma konusunda ilgili kadrolardan bilgi ald\u0131.<\/p>\n<p>Bakan S\u00fcleyman d\u00fcn Banyas B\u00f6lgesinde 10 g\u00fcnd\u00fcr onar\u0131m nedeniyle hizmet d\u0131\u015f\u0131 olan ve bug\u00fcn hizmete giren Banyas Rafinerisinde benzin \u00fcnitesindeki \u00e7al\u0131\u015fmalar\u0131 incelemi\u015fti.<\/p>\n","protected":false},"excerpt":{"rendered":"<p>HOMS \u2013 \u0130\u015flemleri y\u00fcr\u00fctmekle m\u00fckellef kabinede Petrol ve Madeni Servetler Bakan\u0131 S\u00fcleyman Abbas bug\u00fcn Homs k\u0131rsal\u0131n\u0131n do\u011fusunda vatan koruyucular\u0131m\u0131z\u0131n tekfirci ve hain ter\u00f6r \u00e7etelerinden ar\u0131nd\u0131rd\u0131\u011f\u0131 \u015eair Do\u011falgaz Platformuna saha gezisinde bulunarak ter\u00f6ristlerin bulunduklar\u0131 sabotaj eylemleri neticesinde meydana gelen hasar\u0131 inceledi. Bakan S\u00fcleyman \u015eair Platformunun en k\u0131sa zamanda onar\u0131l\u0131p yeniden hizmete girmesi i\u00e7in gerekli \u00e7al\u0131\u015fma ve &hellip;<\/p>\n","protected":false},"author":1,"featured_media":6179,"comment_status":"closed","ping_status":"closed","sticky":false,"template":"","format":"standard","meta":{"footnotes":""},"categories":[485],"tags":[1368],"class_list":["post-6178","post","type-post","status-publish","format-standard","has-post-thumbnail","","category-is-ve-sermaye","tag-suleyman-sair-platformuna-saha-gezisinde-bulundu"],"_links":{"self":[{"href":"https:\/\/archive.sana.sy\/tr\/index.php?rest_route=\/wp\/v2\/posts\/6178","targetHints":{"allow":["GET"]}}],"collection":[{"href":"https:\/\/archive.sana.sy\/tr\/index.php?rest_route=\/wp\/v2\/posts"}],"about":[{"href":"https:\/\/archive.sana.sy\/tr\/index.php?rest_route=\/wp\/v2\/types\/post"}],"author":[{"embeddable":true,"href":"https:\/\/archive.sana.sy\/tr\/index.php?rest_route=\/wp\/v2\/users\/1"}],"replies":[{"embeddable":true,"href":"https:\/\/archive.sana.sy\/tr\/index.php?rest_route=%2Fwp%2Fv2%2Fcomments&post=6178"}],"version-history":[{"count":0,"href":"https:\/\/archive.sana.sy\/tr\/index.php?rest_route=\/wp\/v2\/posts\/6178\/revisions"}],"wp:featuredmedia":[{"embeddable":true,"href":"https:\/\/archive.sana.sy\/tr\/index.php?rest_route=\/wp\/v2\/media\/6179"}],"wp:attachment":[{"href":"https:\/\/archive.sana.sy\/tr\/index.php?rest_route=%2Fwp%2Fv2%2Fmedia&parent=6178"}],"wp:term":[{"taxonomy":"category","embeddable":true,"href":"https:\/\/archive.sana.sy\/tr\/index.php?rest_route=%2Fwp%2Fv2%2Fcategories&post=6178"},{"taxonomy":"post_tag","embeddable":true,"href":"https:\/\/archive.sana.sy\/tr\/index.php?rest_route=%2Fwp%2Fv2%2Ftags&post=6178"}],"curies":[{"name":"wp","href":"https:\/\/api.w.org\/{rel}","templated":true}]}}