{"id":61791,"date":"2016-02-17T18:58:20","date_gmt":"2016-02-17T16:58:20","guid":{"rendered":"http:\/\/www.sana.sy\/tr\/?p=61791"},"modified":"2016-02-17T18:58:20","modified_gmt":"2016-02-17T16:58:20","slug":"aksam-saatlerinde-aciklama-yapan-askeri-kaynak-ordu-birliklerimizin-halk-savunma-gucleriyle-isbirligi-icinde-lazkiye-kirsalinin-kuzeyinde-katil-erdogan-cetelerini-sayi-ve-techizatlariyla-agir-kayipla","status":"publish","type":"post","link":"https:\/\/archive.sana.sy\/tr\/?p=61791","title":{"rendered":"Ak\u015fam saatlerinde a\u00e7\u0131klama yapan askeri kaynak; ordu birliklerimizin Halk Savunma G\u00fc\u00e7leriyle i\u015fbirli\u011fi i\u00e7inde Lazkiye k\u0131rsal\u0131n\u0131n kuzeyinde katil Erdo\u011fan \u00e7etelerini say\u0131 ve te\u00e7hizatlar\u0131yla a\u011f\u0131r kay\u0131plara u\u011fratmalar\u0131 ard\u0131ndan \u015eelf Kalesinin g\u00fcney ormanl\u0131klar\u0131, \u015eiir el Kabbu ve Amuli Da\u011flar\u0131n\u0131n yan\u0131 s\u0131ra Aydu, Kastal ve Merc el Zaviye k\u00f6yleriyle birlikte 422 noktas\u0131n\u0131 kontrollerine ge\u00e7irdiklerini ifade etti"},"content":{"rendered":"<p>Ak\u015fam saatlerinde a\u00e7\u0131klama yapan askeri kaynak; ordu birliklerimizin Halk Savunma G\u00fc\u00e7leriyle i\u015fbirli\u011fi i\u00e7inde Lazkiye k\u0131rsal\u0131n\u0131n kuzeyinde katil Erdo\u011fan \u00e7etelerini say\u0131 ve te\u00e7hizatlar\u0131yla a\u011f\u0131r kay\u0131plara u\u011fratmalar\u0131 ard\u0131ndan \u015eelf Kalesinin g\u00fcney ormanl\u0131klar\u0131, \u015eiir el Kabbu ve Amuli Da\u011flar\u0131n\u0131n yan\u0131 s\u0131ra Aydu, Kastal ve Merc el Zaviye k\u00f6yleriyle birlikte 422 noktas\u0131n\u0131 kontrollerine ge\u00e7irdiklerini ifade etti<\/p>\n","protected":false},"excerpt":{"rendered":"<p>Ak\u015fam saatlerinde a\u00e7\u0131klama yapan askeri kaynak; ordu birliklerimizin Halk Savunma G\u00fc\u00e7leriyle i\u015fbirli\u011fi i\u00e7inde Lazkiye k\u0131rsal\u0131n\u0131n kuzeyinde katil Erdo\u011fan \u00e7etelerini say\u0131 ve te\u00e7hizatlar\u0131yla a\u011f\u0131r kay\u0131plara u\u011fratmalar\u0131 ard\u0131ndan \u015eelf Kalesinin g\u00fcney ormanl\u0131klar\u0131, \u015eiir el Kabbu ve Amuli Da\u011flar\u0131n\u0131n yan\u0131 s\u0131ra Aydu, Kastal ve Merc el Zaviye k\u00f6yleriyle birlikte 422 noktas\u0131n\u0131 kontrollerine ge\u00e7irdiklerini ifade etti<\/p>\n","protected":false},"author":1,"featured_media":0,"comment_status":"closed","ping_status":"closed","sticky":false,"template":"","format":"standard","meta":{"footnotes":""},"categories":[17991],"tags":[],"class_list":["post-61791","post","type-post","status-publish","format-standard","","category-son-dakika"],"_links":{"self":[{"href":"https:\/\/archive.sana.sy\/tr\/index.php?rest_route=\/wp\/v2\/posts\/61791","targetHints":{"allow":["GET"]}}],"collection":[{"href":"https:\/\/archive.sana.sy\/tr\/index.php?rest_route=\/wp\/v2\/posts"}],"about":[{"href":"https:\/\/archive.sana.sy\/tr\/index.php?rest_route=\/wp\/v2\/types\/post"}],"author":[{"embeddable":true,"href":"https:\/\/archive.sana.sy\/tr\/index.php?rest_route=\/wp\/v2\/users\/1"}],"replies":[{"embeddable":true,"href":"https:\/\/archive.sana.sy\/tr\/index.php?rest_route=%2Fwp%2Fv2%2Fcomments&post=61791"}],"version-history":[{"count":0,"href":"https:\/\/archive.sana.sy\/tr\/index.php?rest_route=\/wp\/v2\/posts\/61791\/revisions"}],"wp:attachment":[{"href":"https:\/\/archive.sana.sy\/tr\/index.php?rest_route=%2Fwp%2Fv2%2Fmedia&parent=61791"}],"wp:term":[{"taxonomy":"category","embeddable":true,"href":"https:\/\/archive.sana.sy\/tr\/index.php?rest_route=%2Fwp%2Fv2%2Fcategories&post=61791"},{"taxonomy":"post_tag","embeddable":true,"href":"https:\/\/archive.sana.sy\/tr\/index.php?rest_route=%2Fwp%2Fv2%2Ftags&post=61791"}],"curies":[{"name":"wp","href":"https:\/\/api.w.org\/{rel}","templated":true}]}}