{"id":61796,"date":"2016-02-17T19:19:25","date_gmt":"2016-02-17T17:19:25","guid":{"rendered":"http:\/\/www.sana.sy\/tr\/?p=61796"},"modified":"2016-02-17T19:19:25","modified_gmt":"2016-02-17T17:19:25","slug":"suriye-kizilay-orgutu-ve-bmnin-denetimi-altinda-idlib-kirsalinda-erdogan-cetelerinin-ablukasi-altinda-yasam-mucadelesi-veren-fua-ve-kefrayya-beldelerini-insani-yardim-konvoyu-gonderildi%e2%80%8f","status":"publish","type":"post","link":"https:\/\/archive.sana.sy\/tr\/?p=61796","title":{"rendered":"Suriye K\u0131z\u0131lay \u00d6rg\u00fct\u00fc ve BM&#8217;nin denetimi alt\u0131nda \u0130dlib k\u0131rsal\u0131nda Erdo\u011fan \u00e7etelerinin ablukas\u0131 alt\u0131nda ya\u015fam m\u00fccadelesi veren Fua ve Kefrayya beldelerini insani yard\u0131m konvoyu g\u00f6nderildi\u200f"},"content":{"rendered":"<p>Suriye K\u0131z\u0131lay \u00d6rg\u00fct\u00fc ve BM&#8217;nin denetimi alt\u0131nda \u0130dlib k\u0131rsal\u0131nda Erdo\u011fan \u00e7etelerinin ablukas\u0131 alt\u0131nda ya\u015fam m\u00fccadelesi veren Fua ve Kefrayya beldelerini insani yard\u0131m konvoyu g\u00f6nderildi\u200f<\/p>\n","protected":false},"excerpt":{"rendered":"<p>Suriye K\u0131z\u0131lay \u00d6rg\u00fct\u00fc ve BM&#8217;nin denetimi alt\u0131nda \u0130dlib k\u0131rsal\u0131nda Erdo\u011fan \u00e7etelerinin ablukas\u0131 alt\u0131nda ya\u015fam m\u00fccadelesi veren Fua ve Kefrayya beldelerini insani yard\u0131m konvoyu g\u00f6nderildi\u200f<\/p>\n","protected":false},"author":1,"featured_media":0,"comment_status":"closed","ping_status":"closed","sticky":false,"template":"","format":"standard","meta":{"footnotes":""},"categories":[17991],"tags":[],"class_list":["post-61796","post","type-post","status-publish","format-standard","","category-son-dakika"],"_links":{"self":[{"href":"https:\/\/archive.sana.sy\/tr\/index.php?rest_route=\/wp\/v2\/posts\/61796","targetHints":{"allow":["GET"]}}],"collection":[{"href":"https:\/\/archive.sana.sy\/tr\/index.php?rest_route=\/wp\/v2\/posts"}],"about":[{"href":"https:\/\/archive.sana.sy\/tr\/index.php?rest_route=\/wp\/v2\/types\/post"}],"author":[{"embeddable":true,"href":"https:\/\/archive.sana.sy\/tr\/index.php?rest_route=\/wp\/v2\/users\/1"}],"replies":[{"embeddable":true,"href":"https:\/\/archive.sana.sy\/tr\/index.php?rest_route=%2Fwp%2Fv2%2Fcomments&post=61796"}],"version-history":[{"count":0,"href":"https:\/\/archive.sana.sy\/tr\/index.php?rest_route=\/wp\/v2\/posts\/61796\/revisions"}],"wp:attachment":[{"href":"https:\/\/archive.sana.sy\/tr\/index.php?rest_route=%2Fwp%2Fv2%2Fmedia&parent=61796"}],"wp:term":[{"taxonomy":"category","embeddable":true,"href":"https:\/\/archive.sana.sy\/tr\/index.php?rest_route=%2Fwp%2Fv2%2Fcategories&post=61796"},{"taxonomy":"post_tag","embeddable":true,"href":"https:\/\/archive.sana.sy\/tr\/index.php?rest_route=%2Fwp%2Fv2%2Ftags&post=61796"}],"curies":[{"name":"wp","href":"https:\/\/api.w.org\/{rel}","templated":true}]}}