{"id":6181,"date":"2014-07-30T22:50:10","date_gmt":"2014-07-30T19:50:10","guid":{"rendered":"http:\/\/www.sana.sy\/tr\/?p=6181"},"modified":"2014-07-30T22:50:10","modified_gmt":"2014-07-30T19:50:10","slug":"halepe-insani-yardim-konvoyu","status":"publish","type":"post","link":"https:\/\/archive.sana.sy\/tr\/?p=6181","title":{"rendered":"Halep\u2019e \u0130nsani Yard\u0131m Konvoyu"},"content":{"rendered":"<p>HALEP \u2013 Halep valili\u011finin destek ve sa\u011flad\u0131\u011f\u0131 kolayl\u0131klarla Suriye Arap K\u0131z\u0131lay \u00d6rg\u00fct\u00fc ve D\u00fcnya Sa\u011fl\u0131k \u00d6rg\u00fct\u00fc bug\u00fcn Halep\u2019in muhtelif b\u00f6lgelerinde bulunan ve ter\u00f6r gruplar\u0131n\u0131n eylem ve ablukalar\u0131 nedeniyle zor ko\u015fullar ya\u015fayan vatanda\u015flara t\u0131bbi insani yard\u0131m konvoyu ge\u00e7irildi.<\/p>\n<p><a href=\"http:\/\/www.sana.sy\/tr\/wp-content\/uploads\/2014\/07\/insan\u015f-yard\u0131m-2.jpg\"><img loading=\"lazy\" decoding=\"async\" class=\"alignright wp-image-6183 size-medium\" src=\"http:\/\/www.sana.sy\/tr\/wp-content\/uploads\/2014\/07\/insan\u015f-yard\u0131m-2-300x159.jpg\" alt=\"insan\u015f yard\u0131m 2\" width=\"300\" height=\"159\" srcset=\"https:\/\/archive.sana.sy\/tr\/wp-content\/uploads\/2014\/07\/insan\u015f-yard\u0131m-2-300x160.jpg 300w, https:\/\/archive.sana.sy\/tr\/wp-content\/uploads\/2014\/07\/insan\u015f-yard\u0131m-2-150x79.jpg 150w, https:\/\/archive.sana.sy\/tr\/wp-content\/uploads\/2014\/07\/insan\u015f-yard\u0131m-2.jpg 381w\" sizes=\"auto, (max-width: 300px) 100vw, 300px\" \/><\/a>Yard\u0131m konvoyunun semtlere ge\u00e7i\u015flerini yak\u0131ndan takip eden Halep Valisi Muhammed Vahit Akkad; t\u0131bbi yard\u0131m konvoyu \u00e7al\u0131\u015fmalar\u0131n\u0131n, Suriye h\u00fck\u00fcmetinin ter\u00f6ristlerin kontrolleri alt\u0131ndaki b\u00f6lgelerde vatanda\u015flar\u0131n t\u0131bbi ve ila\u00e7 gereksinimlerini kar\u015f\u0131lama \u00f6zeni ve \u00e7abalar\u0131 do\u011frultusunda geldi\u011finin alt\u0131n\u0131 \u00e7izdi.<\/p>\n<p>Vali Akkad Halep ve k\u0131rsal\u0131n\u0131n bir\u00e7ok b\u00f6lgesinde bulunan devlet hastaneleri ve sa\u011fl\u0131k merkezlerinin t\u00fcm kadrolar\u0131 ve ekipmanlar\u0131yla hizmetlerini s\u00fcrd\u00fcrd\u00fc\u011f\u00fcne dikkat \u00e7ekerken; devletin nerde olurlarsa olsunlar vatanda\u015flar\u0131na y\u00f6nelik sorumluluklar\u0131n\u0131 \u00fcstlenmeye devam edece\u011fini ifade etti.<\/p>\n<p>Halep Valili\u011finde Y\u00fcr\u00fctme Ofisi \u00dcyesi Abd\u00fclgani Kassab; bug\u00fcn Halep\u2019in muhtelif b\u00f6lgelerine ge\u00e7irilen t\u0131bbi yard\u0131m konvoyunun ilk olmad\u0131\u011f\u0131 gibi son olmayaca\u011f\u0131n\u0131 da belirtti.<\/p>\n","protected":false},"excerpt":{"rendered":"<p>HALEP \u2013 Halep valili\u011finin destek ve sa\u011flad\u0131\u011f\u0131 kolayl\u0131klarla Suriye Arap K\u0131z\u0131lay \u00d6rg\u00fct\u00fc ve D\u00fcnya Sa\u011fl\u0131k \u00d6rg\u00fct\u00fc bug\u00fcn Halep\u2019in muhtelif b\u00f6lgelerinde bulunan ve ter\u00f6r gruplar\u0131n\u0131n eylem ve ablukalar\u0131 nedeniyle zor ko\u015fullar ya\u015fayan vatanda\u015flara t\u0131bbi insani yard\u0131m konvoyu ge\u00e7irildi. Yard\u0131m konvoyunun semtlere ge\u00e7i\u015flerini yak\u0131ndan takip eden Halep Valisi Muhammed Vahit Akkad; t\u0131bbi yard\u0131m konvoyu \u00e7al\u0131\u015fmalar\u0131n\u0131n, Suriye h\u00fck\u00fcmetinin &hellip;<\/p>\n","protected":false},"author":1,"featured_media":6182,"comment_status":"closed","ping_status":"closed","sticky":false,"template":"","format":"standard","meta":{"footnotes":""},"categories":[479,478],"tags":[1369],"class_list":["post-6181","post","type-post","status-publish","format-standard","has-post-thumbnail","","category-haberler-yerel","category-yerel","tag-halepe-insani-yardim-konvoyu"],"_links":{"self":[{"href":"https:\/\/archive.sana.sy\/tr\/index.php?rest_route=\/wp\/v2\/posts\/6181","targetHints":{"allow":["GET"]}}],"collection":[{"href":"https:\/\/archive.sana.sy\/tr\/index.php?rest_route=\/wp\/v2\/posts"}],"about":[{"href":"https:\/\/archive.sana.sy\/tr\/index.php?rest_route=\/wp\/v2\/types\/post"}],"author":[{"embeddable":true,"href":"https:\/\/archive.sana.sy\/tr\/index.php?rest_route=\/wp\/v2\/users\/1"}],"replies":[{"embeddable":true,"href":"https:\/\/archive.sana.sy\/tr\/index.php?rest_route=%2Fwp%2Fv2%2Fcomments&post=6181"}],"version-history":[{"count":0,"href":"https:\/\/archive.sana.sy\/tr\/index.php?rest_route=\/wp\/v2\/posts\/6181\/revisions"}],"wp:featuredmedia":[{"embeddable":true,"href":"https:\/\/archive.sana.sy\/tr\/index.php?rest_route=\/wp\/v2\/media\/6182"}],"wp:attachment":[{"href":"https:\/\/archive.sana.sy\/tr\/index.php?rest_route=%2Fwp%2Fv2%2Fmedia&parent=6181"}],"wp:term":[{"taxonomy":"category","embeddable":true,"href":"https:\/\/archive.sana.sy\/tr\/index.php?rest_route=%2Fwp%2Fv2%2Fcategories&post=6181"},{"taxonomy":"post_tag","embeddable":true,"href":"https:\/\/archive.sana.sy\/tr\/index.php?rest_route=%2Fwp%2Fv2%2Ftags&post=6181"}],"curies":[{"name":"wp","href":"https:\/\/api.w.org\/{rel}","templated":true}]}}