{"id":6185,"date":"2014-07-30T22:56:21","date_gmt":"2014-07-30T19:56:21","guid":{"rendered":"http:\/\/www.sana.sy\/tr\/?p=6185"},"modified":"2014-07-31T14:58:56","modified_gmt":"2014-07-31T11:58:56","slug":"homsta-yine-bombali-eylem-2","status":"publish","type":"post","link":"https:\/\/archive.sana.sy\/tr\/?p=6185","title":{"rendered":"Homs\u2019ta Yine Bombal\u0131 Eylem"},"content":{"rendered":"<p>HOMS \u2013 Tekfirci ve hain ter\u00f6r \u00e7eteleri bug\u00fcn Homs Kentinin Vadi el Dahab Semtinin Beyt el Tavil Caddesinin giri\u015finde bombal\u0131 bir arac\u0131 havaya u\u00e7urdu.<\/p>\n<p>Homs Valili\u011finde yetkili bir kaynak patlamada 2 vatanda\u015f\u0131n \u015fehit, 26 vatanda\u015f\u0131n da yaral\u0131 d\u00fc\u015ft\u00fcklerini aktar\u0131rken, patlama yerine yak\u0131n vatanda\u015flar\u0131n ev, i\u015fyerleri ve ara\u00e7lar\u0131nda b\u00fcy\u00fck maddi hasar\u0131n oldu\u011funu aktard\u0131.<\/p>\n<p>Ter\u00f6ristler yine Homs Kentinin Erman Semtinde ge\u00e7en Pazar g\u00fcn\u00fc bombal\u0131 bir arac\u0131 havaya u\u00e7urmu\u015f, 7 vatanda\u015f\u0131n \u015fehit, 21 vatanda\u015f\u0131n da yaral\u0131 d\u00fc\u015fmelerine yol a\u00e7m\u0131\u015flard\u0131.<\/p>\n<p><a href=\"http:\/\/www.sana.sy\/tr\/wp-content\/uploads\/2014\/07\/bombal\u0131-eylem.jpg\"><img loading=\"lazy\" decoding=\"async\" class=\"aligncenter wp-image-6187 size-full\" src=\"http:\/\/www.sana.sy\/tr\/wp-content\/uploads\/2014\/07\/bombal\u0131-eylem.jpg\" alt=\"bombal\u0131 eylem\" width=\"620\" height=\"330\" srcset=\"https:\/\/archive.sana.sy\/tr\/wp-content\/uploads\/2014\/07\/bombal\u0131-eylem.jpg 620w, https:\/\/archive.sana.sy\/tr\/wp-content\/uploads\/2014\/07\/bombal\u0131-eylem-150x79.jpg 150w, https:\/\/archive.sana.sy\/tr\/wp-content\/uploads\/2014\/07\/bombal\u0131-eylem-300x160.jpg 300w\" sizes=\"auto, (max-width: 620px) 100vw, 620px\" \/><\/a><\/p>\n","protected":false},"excerpt":{"rendered":"<p>HOMS \u2013 Tekfirci ve hain ter\u00f6r \u00e7eteleri bug\u00fcn Homs Kentinin Vadi el Dahab Semtinin Beyt el Tavil Caddesinin giri\u015finde bombal\u0131 bir arac\u0131 havaya u\u00e7urdu. Homs Valili\u011finde yetkili bir kaynak patlamada 2 vatanda\u015f\u0131n \u015fehit, 26 vatanda\u015f\u0131n da yaral\u0131 d\u00fc\u015ft\u00fcklerini aktar\u0131rken, patlama yerine yak\u0131n vatanda\u015flar\u0131n ev, i\u015fyerleri ve ara\u00e7lar\u0131nda b\u00fcy\u00fck maddi hasar\u0131n oldu\u011funu aktard\u0131. Ter\u00f6ristler yine Homs &hellip;<\/p>\n","protected":false},"author":1,"featured_media":6186,"comment_status":"closed","ping_status":"closed","sticky":false,"template":"","format":"standard","meta":{"footnotes":""},"categories":[575],"tags":[842],"class_list":["post-6185","post","type-post","status-publish","format-standard","has-post-thumbnail","","category-olaylar-ve-gercekler","tag-homsta-yine-bombali-eylem"],"_links":{"self":[{"href":"https:\/\/archive.sana.sy\/tr\/index.php?rest_route=\/wp\/v2\/posts\/6185","targetHints":{"allow":["GET"]}}],"collection":[{"href":"https:\/\/archive.sana.sy\/tr\/index.php?rest_route=\/wp\/v2\/posts"}],"about":[{"href":"https:\/\/archive.sana.sy\/tr\/index.php?rest_route=\/wp\/v2\/types\/post"}],"author":[{"embeddable":true,"href":"https:\/\/archive.sana.sy\/tr\/index.php?rest_route=\/wp\/v2\/users\/1"}],"replies":[{"embeddable":true,"href":"https:\/\/archive.sana.sy\/tr\/index.php?rest_route=%2Fwp%2Fv2%2Fcomments&post=6185"}],"version-history":[{"count":0,"href":"https:\/\/archive.sana.sy\/tr\/index.php?rest_route=\/wp\/v2\/posts\/6185\/revisions"}],"wp:featuredmedia":[{"embeddable":true,"href":"https:\/\/archive.sana.sy\/tr\/index.php?rest_route=\/wp\/v2\/media\/6186"}],"wp:attachment":[{"href":"https:\/\/archive.sana.sy\/tr\/index.php?rest_route=%2Fwp%2Fv2%2Fmedia&parent=6185"}],"wp:term":[{"taxonomy":"category","embeddable":true,"href":"https:\/\/archive.sana.sy\/tr\/index.php?rest_route=%2Fwp%2Fv2%2Fcategories&post=6185"},{"taxonomy":"post_tag","embeddable":true,"href":"https:\/\/archive.sana.sy\/tr\/index.php?rest_route=%2Fwp%2Fv2%2Ftags&post=6185"}],"curies":[{"name":"wp","href":"https:\/\/api.w.org\/{rel}","templated":true}]}}