{"id":61863,"date":"2016-02-18T15:48:45","date_gmt":"2016-02-18T13:48:45","guid":{"rendered":"http:\/\/www.sana.sy\/tr\/?p=61863"},"modified":"2016-02-18T15:48:45","modified_gmt":"2016-02-18T13:48:45","slug":"suriye-arap-cumhuriyeti-almanya-basbakani-angela-merkelin-suriyede-ucusa-yasak-bolgenin-kurulmasi-konusunda-yaptigi-aciklamalari-cumleten-ve-ayrintilariyla-mutlak-bir-seki","status":"publish","type":"post","link":"https:\/\/archive.sana.sy\/tr\/?p=61863","title":{"rendered":"Suriye Arap Cumhuriyeti Almanya Ba\u015fbakan\u0131 Angela Merkel\u2019in \u2018Suriye&#8217;de u\u00e7u\u015fa yasak b\u00f6lgenin kurulmas\u0131\u2019 konusunda yapt\u0131\u011f\u0131 a\u00e7\u0131klamalar\u0131 c\u00fcmleten ve ayr\u0131nt\u0131lar\u0131yla mutlak bir \u015fekilde reddetti\u011fini vurgulad\u0131"},"content":{"rendered":"<p>Suriye Arap Cumhuriyeti Almanya Ba\u015fbakan\u0131 Angela Merkel\u2019in \u2018Suriye&#8217;de u\u00e7u\u015fa yasak b\u00f6lgenin kurulmas\u0131\u2019 konusunda yapt\u0131\u011f\u0131 a\u00e7\u0131klamalar\u0131 c\u00fcmleten ve ayr\u0131nt\u0131lar\u0131yla mutlak bir \u015fekilde reddetti\u011fini vurgulad\u0131<\/p>\n","protected":false},"excerpt":{"rendered":"<p>Suriye Arap Cumhuriyeti Almanya Ba\u015fbakan\u0131 Angela Merkel\u2019in \u2018Suriye&#8217;de u\u00e7u\u015fa yasak b\u00f6lgenin kurulmas\u0131\u2019 konusunda yapt\u0131\u011f\u0131 a\u00e7\u0131klamalar\u0131 c\u00fcmleten ve ayr\u0131nt\u0131lar\u0131yla mutlak bir \u015fekilde reddetti\u011fini vurgulad\u0131<\/p>\n","protected":false},"author":1,"featured_media":0,"comment_status":"closed","ping_status":"closed","sticky":false,"template":"","format":"standard","meta":{"footnotes":""},"categories":[17991],"tags":[],"class_list":["post-61863","post","type-post","status-publish","format-standard","","category-son-dakika"],"_links":{"self":[{"href":"https:\/\/archive.sana.sy\/tr\/index.php?rest_route=\/wp\/v2\/posts\/61863","targetHints":{"allow":["GET"]}}],"collection":[{"href":"https:\/\/archive.sana.sy\/tr\/index.php?rest_route=\/wp\/v2\/posts"}],"about":[{"href":"https:\/\/archive.sana.sy\/tr\/index.php?rest_route=\/wp\/v2\/types\/post"}],"author":[{"embeddable":true,"href":"https:\/\/archive.sana.sy\/tr\/index.php?rest_route=\/wp\/v2\/users\/1"}],"replies":[{"embeddable":true,"href":"https:\/\/archive.sana.sy\/tr\/index.php?rest_route=%2Fwp%2Fv2%2Fcomments&post=61863"}],"version-history":[{"count":0,"href":"https:\/\/archive.sana.sy\/tr\/index.php?rest_route=\/wp\/v2\/posts\/61863\/revisions"}],"wp:attachment":[{"href":"https:\/\/archive.sana.sy\/tr\/index.php?rest_route=%2Fwp%2Fv2%2Fmedia&parent=61863"}],"wp:term":[{"taxonomy":"category","embeddable":true,"href":"https:\/\/archive.sana.sy\/tr\/index.php?rest_route=%2Fwp%2Fv2%2Fcategories&post=61863"},{"taxonomy":"post_tag","embeddable":true,"href":"https:\/\/archive.sana.sy\/tr\/index.php?rest_route=%2Fwp%2Fv2%2Ftags&post=61863"}],"curies":[{"name":"wp","href":"https:\/\/api.w.org\/{rel}","templated":true}]}}