{"id":61865,"date":"2016-02-18T15:00:57","date_gmt":"2016-02-18T13:00:57","guid":{"rendered":"http:\/\/www.sana.sy\/tr\/?p=61865"},"modified":"2016-02-19T16:51:40","modified_gmt":"2016-02-19T14:51:40","slug":"mit-ve-isid-ortak-bir-sebeke-kurdu","status":"publish","type":"post","link":"https:\/\/archive.sana.sy\/tr\/?p=61865","title":{"rendered":"M\u0130T ve I\u015e\u0130D Ortak Bir \u015eebeke Kurdu"},"content":{"rendered":"<p>NEW YORK \u2013 Rusya&#8217;n\u0131n Birle\u015fmi\u015f Milletlerdeki Daimi Temsilcisi Vitaly Churkin; T\u00fcrkiye&#8217;de Milli \u0130stihbarat te\u015fkilat\u0131 M\u0130T\u2019in I\u015e\u0130D ter\u00f6r \u00f6rg\u00fct\u00fc ile d\u00fcnyan\u0131n her yerinden Suriye&#8217;de I\u015e\u0130D \u00f6rg\u00fct\u00fcne kat\u0131lacak tekfircileri \u00f6rg\u00fctlemek i\u00e7in ortak bir \u015febeke kurduklar\u0131n\u0131 belirtti.<\/p>\n<p>Churkin BM G\u00fcvenlik Meclisine g\u00f6nderdi\u011fi ve Rus Tass Ajans\u0131n\u0131n al\u0131nt\u0131lar yay\u0131nlad\u0131\u011f\u0131 resmi mektubunda; Recep tayip Erdo\u011fan rejiminin e\u011fitip destekledi\u011fi I\u015e\u0130D tekfircilerini Suriye&#8217;de ter\u00f6r eylemlerine kat\u0131lmalar\u0131 ard\u0131ndan Rusya&#8217;ya ta\u015f\u0131ma tehlikesine kar\u015f\u0131 uyard\u0131 da bulundu.<\/p>\n<p>BM resmi web sitesinde de yay\u0131nlanan mektubunda Churkin; M\u0130T ile I\u015e\u0130D\u2019in ortakla\u015fa in\u015fa ettikleri \u015febekenin Antalya\u2019da bulundu\u011funu ve d\u00fcnyan\u0131n muhtelif devletlerinden gelen ter\u00f6ristleri \u00f6rg\u00fctlemeleri ard\u0131ndan Suriye&#8217;ye g\u00f6nderdiklerini belirtti. Ter\u00f6ristleri \u00f6rg\u00fctlemenin resmi yetkililerin onay ve deste\u011fi ile oldu\u011funu belirten Churkin; g\u00f6zalt\u0131na al\u0131nan tutukevlerinde de yap\u0131lan \u00f6rg\u00fctlemelerin M\u0130T ile anla\u015fmal\u0131 oldu\u011funun alt\u0131n\u0131 \u00e7izdi.<\/p>\n<p>Churkin M\u0130T\u2019in ayn\u0131 zamanda ge\u00e7en Aral\u0131k ay\u0131ndan itibaren I\u015e\u0130D\u2019lilerin Suriye&#8217;den Yemen\u2019e askeri hava hatt\u0131yla ta\u015f\u0131nma i\u015flemlerini organize etti\u011fine de dikkat \u00e7ekerken, Erdo\u011fan rejiminin ayn\u0131 zamanda Suriye&#8217;de yaralanan tekfirci ter\u00f6ristlerin s\u0131n\u0131ra yak\u0131n g\u00fcvenli b\u00f6lgelerde tedavi etti\u011fini ifade etti.<\/p>\n","protected":false},"excerpt":{"rendered":"<p>NEW YORK \u2013 Rusya&#8217;n\u0131n Birle\u015fmi\u015f Milletlerdeki Daimi Temsilcisi Vitaly Churkin; T\u00fcrkiye&#8217;de Milli \u0130stihbarat te\u015fkilat\u0131 M\u0130T\u2019in I\u015e\u0130D ter\u00f6r \u00f6rg\u00fct\u00fc ile d\u00fcnyan\u0131n her yerinden Suriye&#8217;de I\u015e\u0130D \u00f6rg\u00fct\u00fcne kat\u0131lacak tekfircileri \u00f6rg\u00fctlemek i\u00e7in ortak bir \u015febeke kurduklar\u0131n\u0131 belirtti. Churkin BM G\u00fcvenlik Meclisine g\u00f6nderdi\u011fi ve Rus Tass Ajans\u0131n\u0131n al\u0131nt\u0131lar yay\u0131nlad\u0131\u011f\u0131 resmi mektubunda; Recep tayip Erdo\u011fan rejiminin e\u011fitip destekledi\u011fi I\u015e\u0130D tekfircilerini &hellip;<\/p>\n","protected":false},"author":1,"featured_media":61866,"comment_status":"closed","ping_status":"closed","sticky":false,"template":"","format":"standard","meta":{"footnotes":""},"categories":[458,459,17988],"tags":[19326],"class_list":["post-61865","post","type-post","status-publish","format-standard","has-post-thumbnail","","category-dunya1","category-haberler-arap-uluslararasi-politika","category-son-haberler","tag-mit-ve-isid-ortak-bir-sebeke-kurdu"],"_links":{"self":[{"href":"https:\/\/archive.sana.sy\/tr\/index.php?rest_route=\/wp\/v2\/posts\/61865","targetHints":{"allow":["GET"]}}],"collection":[{"href":"https:\/\/archive.sana.sy\/tr\/index.php?rest_route=\/wp\/v2\/posts"}],"about":[{"href":"https:\/\/archive.sana.sy\/tr\/index.php?rest_route=\/wp\/v2\/types\/post"}],"author":[{"embeddable":true,"href":"https:\/\/archive.sana.sy\/tr\/index.php?rest_route=\/wp\/v2\/users\/1"}],"replies":[{"embeddable":true,"href":"https:\/\/archive.sana.sy\/tr\/index.php?rest_route=%2Fwp%2Fv2%2Fcomments&post=61865"}],"version-history":[{"count":0,"href":"https:\/\/archive.sana.sy\/tr\/index.php?rest_route=\/wp\/v2\/posts\/61865\/revisions"}],"wp:featuredmedia":[{"embeddable":true,"href":"https:\/\/archive.sana.sy\/tr\/index.php?rest_route=\/wp\/v2\/media\/61866"}],"wp:attachment":[{"href":"https:\/\/archive.sana.sy\/tr\/index.php?rest_route=%2Fwp%2Fv2%2Fmedia&parent=61865"}],"wp:term":[{"taxonomy":"category","embeddable":true,"href":"https:\/\/archive.sana.sy\/tr\/index.php?rest_route=%2Fwp%2Fv2%2Fcategories&post=61865"},{"taxonomy":"post_tag","embeddable":true,"href":"https:\/\/archive.sana.sy\/tr\/index.php?rest_route=%2Fwp%2Fv2%2Ftags&post=61865"}],"curies":[{"name":"wp","href":"https:\/\/api.w.org\/{rel}","templated":true}]}}