{"id":61868,"date":"2016-02-18T14:18:43","date_gmt":"2016-02-18T12:18:43","guid":{"rendered":"http:\/\/www.sana.sy\/tr\/?p=61868"},"modified":"2016-02-19T16:51:50","modified_gmt":"2016-02-19T14:51:50","slug":"insani-yardim-tasiyan-115-kamyon-gonderdik","status":"publish","type":"post","link":"https:\/\/archive.sana.sy\/tr\/?p=61868","title":{"rendered":"\u0130nsani Yard\u0131m Ta\u015f\u0131yan 115 Kamyon G\u00f6nderdik"},"content":{"rendered":"<p>\u015eAM \u2013 Suriye K\u0131z\u0131lay \u00d6rg\u00fct\u00fc Suriye&#8217;nin her kar\u0131\u015f topra\u011f\u0131nda insani g\u00f6revini y\u00fcksek bir hassasiyet ve sorumlulukla s\u00fcrd\u00fcrd\u00fc\u011f\u00fcn\u00fc bir kez daha vurgulad\u0131.<\/p>\n<p>\u00d6rg\u00fct bug\u00fcn yay\u0131nlad\u0131\u011f\u0131 ve SANA\u2019n\u0131n bir n\u00fcshas\u0131n\u0131 ald\u0131\u011f\u0131 beyan\u0131nda 17 \u015eubat \u00c7ar\u015famba g\u00fcn\u00fc Suriye&#8217;de g\u00f6rev yapan BM ofisleri ile i\u015fbirli\u011fi i\u00e7inde muhtelif t\u00fcr g\u0131da ve t\u0131bbi yard\u0131m maddeleri ta\u015f\u0131yan 115 kamyonu \u015eam k\u0131rsal\u0131n\u0131n Madaya, Zebadani ve Muaddamiye beldelerine ek olarak \u0130dlib k\u0131rsal\u0131nda Fua ve Kefrayya beldelerine g\u00f6nderdi\u011fini a\u00e7\u0131klad\u0131.<\/p>\n<p>Kamyonlar\u0131n 65\u2019inin Madaya ve Zebadani beldelerine gitti\u011fini ifade eden \u00f6rg\u00fct, 32 kamyonun Muddamiye Beldesine, 18 kamyonun da Fua ve Kefrayya beldelerine g\u00f6nderildiklerini ifade etti.<\/p>\n<p>\u00d6rg\u00fct beyan\u0131nda ayr\u0131ca daha \u00f6nce Suriye h\u00fck\u00fcmetinin sa\u011flad\u0131\u011f\u0131 kolayl\u0131klarla Suriye&#8217;nin muhtelif b\u00f6lgelerine say\u0131s\u0131z insani yard\u0131m da\u011f\u0131tma \u00e7abas\u0131nda bulundu\u011funu hat\u0131rlatt\u0131.<\/p>\n","protected":false},"excerpt":{"rendered":"<p>\u015eAM \u2013 Suriye K\u0131z\u0131lay \u00d6rg\u00fct\u00fc Suriye&#8217;nin her kar\u0131\u015f topra\u011f\u0131nda insani g\u00f6revini y\u00fcksek bir hassasiyet ve sorumlulukla s\u00fcrd\u00fcrd\u00fc\u011f\u00fcn\u00fc bir kez daha vurgulad\u0131. \u00d6rg\u00fct bug\u00fcn yay\u0131nlad\u0131\u011f\u0131 ve SANA\u2019n\u0131n bir n\u00fcshas\u0131n\u0131 ald\u0131\u011f\u0131 beyan\u0131nda 17 \u015eubat \u00c7ar\u015famba g\u00fcn\u00fc Suriye&#8217;de g\u00f6rev yapan BM ofisleri ile i\u015fbirli\u011fi i\u00e7inde muhtelif t\u00fcr g\u0131da ve t\u0131bbi yard\u0131m maddeleri ta\u015f\u0131yan 115 kamyonu \u015eam k\u0131rsal\u0131n\u0131n Madaya, &hellip;<\/p>\n","protected":false},"author":1,"featured_media":61870,"comment_status":"closed","ping_status":"closed","sticky":false,"template":"","format":"standard","meta":{"footnotes":""},"categories":[479,17988,478],"tags":[],"class_list":["post-61868","post","type-post","status-publish","format-standard","has-post-thumbnail","","category-haberler-yerel","category-son-haberler","category-yerel"],"_links":{"self":[{"href":"https:\/\/archive.sana.sy\/tr\/index.php?rest_route=\/wp\/v2\/posts\/61868","targetHints":{"allow":["GET"]}}],"collection":[{"href":"https:\/\/archive.sana.sy\/tr\/index.php?rest_route=\/wp\/v2\/posts"}],"about":[{"href":"https:\/\/archive.sana.sy\/tr\/index.php?rest_route=\/wp\/v2\/types\/post"}],"author":[{"embeddable":true,"href":"https:\/\/archive.sana.sy\/tr\/index.php?rest_route=\/wp\/v2\/users\/1"}],"replies":[{"embeddable":true,"href":"https:\/\/archive.sana.sy\/tr\/index.php?rest_route=%2Fwp%2Fv2%2Fcomments&post=61868"}],"version-history":[{"count":0,"href":"https:\/\/archive.sana.sy\/tr\/index.php?rest_route=\/wp\/v2\/posts\/61868\/revisions"}],"wp:featuredmedia":[{"embeddable":true,"href":"https:\/\/archive.sana.sy\/tr\/index.php?rest_route=\/wp\/v2\/media\/61870"}],"wp:attachment":[{"href":"https:\/\/archive.sana.sy\/tr\/index.php?rest_route=%2Fwp%2Fv2%2Fmedia&parent=61868"}],"wp:term":[{"taxonomy":"category","embeddable":true,"href":"https:\/\/archive.sana.sy\/tr\/index.php?rest_route=%2Fwp%2Fv2%2Fcategories&post=61868"},{"taxonomy":"post_tag","embeddable":true,"href":"https:\/\/archive.sana.sy\/tr\/index.php?rest_route=%2Fwp%2Fv2%2Ftags&post=61868"}],"curies":[{"name":"wp","href":"https:\/\/api.w.org\/{rel}","templated":true}]}}