{"id":61875,"date":"2016-02-18T15:00:30","date_gmt":"2016-02-18T13:00:30","guid":{"rendered":"http:\/\/www.sana.sy\/tr\/?p=61875"},"modified":"2016-02-18T15:51:20","modified_gmt":"2016-02-18T13:51:20","slug":"disisleri-ve-gurbetciler-bakanliginda-yetkili-bir-kaynak-bugun-sanaya-yaptigi-aciklamada-merkelin-bu-aciklamalariyla-kurulmasina-cagirdigi-ucusa-yasak-bolgenin-uluslar-arasi-kanun-v","status":"publish","type":"post","link":"https:\/\/archive.sana.sy\/tr\/?p=61875","title":{"rendered":"D\u0131\u015fi\u015fleri ve Gurbet\u00e7iler Bakanl\u0131\u011f\u0131nda yetkili bir kaynak bug\u00fcn SANA\u2019ya yapt\u0131\u011f\u0131 a\u00e7\u0131klamada; Merkel\u2019in bu a\u00e7\u0131klamalar\u0131yla kurulmas\u0131na \u00e7a\u011f\u0131rd\u0131\u011f\u0131 u\u00e7u\u015fa yasak b\u00f6lgenin uluslar aras\u0131 kanun ve kararlar\u0131n yan\u0131 s\u0131ra BM misak\u0131yla \u00e7eli\u015fti\u011fini, Suriye&#8217;nin egemenli\u011fine ve toprak b\u00fct\u00fcnl\u00fc\u011f\u00fcne de ihlal te\u015fkil etti\u011finin alt\u0131n\u0131 \u00e7izdi"},"content":{"rendered":"<p>D\u0131\u015fi\u015fleri ve Gurbet\u00e7iler Bakanl\u0131\u011f\u0131nda yetkili bir kaynak bug\u00fcn SANA\u2019ya yapt\u0131\u011f\u0131 a\u00e7\u0131klamada; Merkel\u2019in bu a\u00e7\u0131klamalar\u0131yla kurulmas\u0131na \u00e7a\u011f\u0131rd\u0131\u011f\u0131 u\u00e7u\u015fa yasak b\u00f6lgenin uluslar aras\u0131 kanun ve kararlar\u0131n yan\u0131 s\u0131ra BM misak\u0131yla \u00e7eli\u015fti\u011fini, Suriye&#8217;nin egemenli\u011fine ve toprak b\u00fct\u00fcnl\u00fc\u011f\u00fcne de ihlal te\u015fkil etti\u011finin alt\u0131n\u0131 \u00e7izdi<\/p>\n","protected":false},"excerpt":{"rendered":"<p>D\u0131\u015fi\u015fleri ve Gurbet\u00e7iler Bakanl\u0131\u011f\u0131nda yetkili bir kaynak bug\u00fcn SANA\u2019ya yapt\u0131\u011f\u0131 a\u00e7\u0131klamada; Merkel\u2019in bu a\u00e7\u0131klamalar\u0131yla kurulmas\u0131na \u00e7a\u011f\u0131rd\u0131\u011f\u0131 u\u00e7u\u015fa yasak b\u00f6lgenin uluslar aras\u0131 kanun ve kararlar\u0131n yan\u0131 s\u0131ra BM misak\u0131yla \u00e7eli\u015fti\u011fini, Suriye&#8217;nin egemenli\u011fine ve toprak b\u00fct\u00fcnl\u00fc\u011f\u00fcne de ihlal te\u015fkil etti\u011finin alt\u0131n\u0131 \u00e7izdi<\/p>\n","protected":false},"author":1,"featured_media":0,"comment_status":"closed","ping_status":"closed","sticky":false,"template":"","format":"standard","meta":{"footnotes":""},"categories":[17991],"tags":[],"class_list":["post-61875","post","type-post","status-publish","format-standard","","category-son-dakika"],"_links":{"self":[{"href":"https:\/\/archive.sana.sy\/tr\/index.php?rest_route=\/wp\/v2\/posts\/61875","targetHints":{"allow":["GET"]}}],"collection":[{"href":"https:\/\/archive.sana.sy\/tr\/index.php?rest_route=\/wp\/v2\/posts"}],"about":[{"href":"https:\/\/archive.sana.sy\/tr\/index.php?rest_route=\/wp\/v2\/types\/post"}],"author":[{"embeddable":true,"href":"https:\/\/archive.sana.sy\/tr\/index.php?rest_route=\/wp\/v2\/users\/1"}],"replies":[{"embeddable":true,"href":"https:\/\/archive.sana.sy\/tr\/index.php?rest_route=%2Fwp%2Fv2%2Fcomments&post=61875"}],"version-history":[{"count":0,"href":"https:\/\/archive.sana.sy\/tr\/index.php?rest_route=\/wp\/v2\/posts\/61875\/revisions"}],"wp:attachment":[{"href":"https:\/\/archive.sana.sy\/tr\/index.php?rest_route=%2Fwp%2Fv2%2Fmedia&parent=61875"}],"wp:term":[{"taxonomy":"category","embeddable":true,"href":"https:\/\/archive.sana.sy\/tr\/index.php?rest_route=%2Fwp%2Fv2%2Fcategories&post=61875"},{"taxonomy":"post_tag","embeddable":true,"href":"https:\/\/archive.sana.sy\/tr\/index.php?rest_route=%2Fwp%2Fv2%2Ftags&post=61875"}],"curies":[{"name":"wp","href":"https:\/\/api.w.org\/{rel}","templated":true}]}}