{"id":61878,"date":"2016-02-18T15:10:23","date_gmt":"2016-02-18T13:10:23","guid":{"rendered":"http:\/\/www.sana.sy\/tr\/?p=61878"},"modified":"2016-02-18T15:54:18","modified_gmt":"2016-02-18T13:54:18","slug":"suriye-hukumetinin-merkelin-turkiye-rejiminin-uzun-suredir-cabaladigi-talebiyle-uyusan-bu-aciklamalarini-garipsedigini-belirten-kaynak-erdogan-rejiminin-uzun-suredir-talep-ettigi-soz-konusu","status":"publish","type":"post","link":"https:\/\/archive.sana.sy\/tr\/?p=61878","title":{"rendered":"Suriye h\u00fck\u00fcmetinin Merkel\u2019in, T\u00fcrkiye rejiminin uzun s\u00fcredir \u00e7abalad\u0131\u011f\u0131 talebiyle uyu\u015fan bu a\u00e7\u0131klamalar\u0131n\u0131 garipsedi\u011fini belirten kaynak; Erdo\u011fan rejiminin uzun s\u00fcredir talep etti\u011fi s\u00f6z konusu u\u00e7u\u015fa yasak b\u00f6lgeyle d\u00fcnyan\u0131n her yerinden toplay\u0131p destekledi\u011fi ter\u00f6ristlere deste\u011fi ama\u00e7lad\u0131\u011f\u0131n\u0131n alt\u0131n\u0131 \u00e7izdi"},"content":{"rendered":"<p>Suriye h\u00fck\u00fcmetinin Merkel\u2019in, T\u00fcrkiye rejiminin uzun s\u00fcredir \u00e7abalad\u0131\u011f\u0131 talebiyle uyu\u015fan bu a\u00e7\u0131klamalar\u0131n\u0131 garipsedi\u011fini belirten kaynak; Erdo\u011fan rejiminin uzun s\u00fcredir talep etti\u011fi s\u00f6z konusu u\u00e7u\u015fa yasak b\u00f6lgeyle d\u00fcnyan\u0131n her yerinden toplay\u0131p destekledi\u011fi ter\u00f6ristlere deste\u011fi ama\u00e7lad\u0131\u011f\u0131n\u0131n alt\u0131n\u0131 \u00e7izdi<\/p>\n","protected":false},"excerpt":{"rendered":"<p>Suriye h\u00fck\u00fcmetinin Merkel\u2019in, T\u00fcrkiye rejiminin uzun s\u00fcredir \u00e7abalad\u0131\u011f\u0131 talebiyle uyu\u015fan bu a\u00e7\u0131klamalar\u0131n\u0131 garipsedi\u011fini belirten kaynak; Erdo\u011fan rejiminin uzun s\u00fcredir talep etti\u011fi s\u00f6z konusu u\u00e7u\u015fa yasak b\u00f6lgeyle d\u00fcnyan\u0131n her yerinden toplay\u0131p destekledi\u011fi ter\u00f6ristlere deste\u011fi ama\u00e7lad\u0131\u011f\u0131n\u0131n alt\u0131n\u0131 \u00e7izdi<\/p>\n","protected":false},"author":1,"featured_media":0,"comment_status":"closed","ping_status":"closed","sticky":false,"template":"","format":"standard","meta":{"footnotes":""},"categories":[17991],"tags":[],"class_list":["post-61878","post","type-post","status-publish","format-standard","","category-son-dakika"],"_links":{"self":[{"href":"https:\/\/archive.sana.sy\/tr\/index.php?rest_route=\/wp\/v2\/posts\/61878","targetHints":{"allow":["GET"]}}],"collection":[{"href":"https:\/\/archive.sana.sy\/tr\/index.php?rest_route=\/wp\/v2\/posts"}],"about":[{"href":"https:\/\/archive.sana.sy\/tr\/index.php?rest_route=\/wp\/v2\/types\/post"}],"author":[{"embeddable":true,"href":"https:\/\/archive.sana.sy\/tr\/index.php?rest_route=\/wp\/v2\/users\/1"}],"replies":[{"embeddable":true,"href":"https:\/\/archive.sana.sy\/tr\/index.php?rest_route=%2Fwp%2Fv2%2Fcomments&post=61878"}],"version-history":[{"count":0,"href":"https:\/\/archive.sana.sy\/tr\/index.php?rest_route=\/wp\/v2\/posts\/61878\/revisions"}],"wp:attachment":[{"href":"https:\/\/archive.sana.sy\/tr\/index.php?rest_route=%2Fwp%2Fv2%2Fmedia&parent=61878"}],"wp:term":[{"taxonomy":"category","embeddable":true,"href":"https:\/\/archive.sana.sy\/tr\/index.php?rest_route=%2Fwp%2Fv2%2Fcategories&post=61878"},{"taxonomy":"post_tag","embeddable":true,"href":"https:\/\/archive.sana.sy\/tr\/index.php?rest_route=%2Fwp%2Fv2%2Ftags&post=61878"}],"curies":[{"name":"wp","href":"https:\/\/api.w.org\/{rel}","templated":true}]}}