{"id":61880,"date":"2016-02-18T15:20:08","date_gmt":"2016-02-18T13:20:08","guid":{"rendered":"http:\/\/www.sana.sy\/tr\/?p=61880"},"modified":"2016-02-18T15:56:28","modified_gmt":"2016-02-18T13:56:28","slug":"kaynak-suriyelilerin-tehcir-olmalarina-yol-acan-ve-avrupanin-tanik-oldugu-multeci-krizinin-temel-nedeninin-bu-teror-orgutleri-ve-onlari-destekleyen-turkiye-rejimi-olduguna-isaret-etti","status":"publish","type":"post","link":"https:\/\/archive.sana.sy\/tr\/?p=61880","title":{"rendered":"Kaynak Suriyelilerin tehcir olmalar\u0131na yol a\u00e7an ve Avrupa\u2019n\u0131n tan\u0131k oldu\u011fu m\u00fclteci krizinin temel nedeninin bu ter\u00f6r \u00f6rg\u00fctleri ve onlar\u0131 destekleyen T\u00fcrkiye rejimi oldu\u011funa i\u015faret etti"},"content":{"rendered":"<p>Kaynak Suriyelilerin tehcir olmalar\u0131na yol a\u00e7an ve Avrupa\u2019n\u0131n tan\u0131k oldu\u011fu m\u00fclteci krizinin temel nedeninin bu ter\u00f6r \u00f6rg\u00fctleri ve onlar\u0131 destekleyen T\u00fcrkiye rejimi oldu\u011funa i\u015faret etti<\/p>\n","protected":false},"excerpt":{"rendered":"<p>Kaynak Suriyelilerin tehcir olmalar\u0131na yol a\u00e7an ve Avrupa\u2019n\u0131n tan\u0131k oldu\u011fu m\u00fclteci krizinin temel nedeninin bu ter\u00f6r \u00f6rg\u00fctleri ve onlar\u0131 destekleyen T\u00fcrkiye rejimi oldu\u011funa i\u015faret etti<\/p>\n","protected":false},"author":1,"featured_media":0,"comment_status":"closed","ping_status":"closed","sticky":false,"template":"","format":"standard","meta":{"footnotes":""},"categories":[17991],"tags":[],"class_list":["post-61880","post","type-post","status-publish","format-standard","","category-son-dakika"],"_links":{"self":[{"href":"https:\/\/archive.sana.sy\/tr\/index.php?rest_route=\/wp\/v2\/posts\/61880","targetHints":{"allow":["GET"]}}],"collection":[{"href":"https:\/\/archive.sana.sy\/tr\/index.php?rest_route=\/wp\/v2\/posts"}],"about":[{"href":"https:\/\/archive.sana.sy\/tr\/index.php?rest_route=\/wp\/v2\/types\/post"}],"author":[{"embeddable":true,"href":"https:\/\/archive.sana.sy\/tr\/index.php?rest_route=\/wp\/v2\/users\/1"}],"replies":[{"embeddable":true,"href":"https:\/\/archive.sana.sy\/tr\/index.php?rest_route=%2Fwp%2Fv2%2Fcomments&post=61880"}],"version-history":[{"count":0,"href":"https:\/\/archive.sana.sy\/tr\/index.php?rest_route=\/wp\/v2\/posts\/61880\/revisions"}],"wp:attachment":[{"href":"https:\/\/archive.sana.sy\/tr\/index.php?rest_route=%2Fwp%2Fv2%2Fmedia&parent=61880"}],"wp:term":[{"taxonomy":"category","embeddable":true,"href":"https:\/\/archive.sana.sy\/tr\/index.php?rest_route=%2Fwp%2Fv2%2Fcategories&post=61880"},{"taxonomy":"post_tag","embeddable":true,"href":"https:\/\/archive.sana.sy\/tr\/index.php?rest_route=%2Fwp%2Fv2%2Ftags&post=61880"}],"curies":[{"name":"wp","href":"https:\/\/api.w.org\/{rel}","templated":true}]}}