{"id":61881,"date":"2016-02-18T16:03:05","date_gmt":"2016-02-18T14:03:05","guid":{"rendered":"http:\/\/www.sana.sy\/tr\/?p=61881"},"modified":"2016-02-18T16:03:05","modified_gmt":"2016-02-18T14:03:05","slug":"halep-valiliginde-bir-kaynak-sanaya-aciklamasinda-erdogan-rejiminin-suriyeli-muhalifler-adi-altinda-destekledigi-tekfirci-ve-hain-teroristlerin-selahattin-smetini-bir-dizi-f","status":"publish","type":"post","link":"https:\/\/archive.sana.sy\/tr\/?p=61881","title":{"rendered":"Halep Valili\u011finde bir kaynak SANA\u2019ya a\u00e7\u0131klamas\u0131nda Erdo\u011fan rejiminin \u2018Suriyeli muhalifler\u2019 ad\u0131 alt\u0131nda destekledi\u011fi tekfirci ve hain ter\u00f6ristlerin Selahattin Smetini bir dizi f\u00fcze ve havan roketiyle geli\u015fig\u00fczel hedef almalar\u0131 sonucunda 3 vatanda\u015f\u0131n \u015fehit, bir\u00e7ok vatanda\u015f\u0131n da yaral\u0131 d\u00fc\u015ft\u00fc\u011f\u00fcn\u00fc belirtti"},"content":{"rendered":"<p>Halep Valili\u011finde bir kaynak SANA\u2019ya a\u00e7\u0131klamas\u0131nda Erdo\u011fan rejiminin \u2018Suriyeli muhalifler\u2019 ad\u0131 alt\u0131nda destekledi\u011fi tekfirci ve hain ter\u00f6ristlerin Selahattin Smetini bir dizi f\u00fcze ve havan roketiyle geli\u015fig\u00fczel hedef almalar\u0131 sonucunda 3 vatanda\u015f\u0131n \u015fehit, bir\u00e7ok vatanda\u015f\u0131n da yaral\u0131 d\u00fc\u015ft\u00fc\u011f\u00fcn\u00fc belirtti<\/p>\n","protected":false},"excerpt":{"rendered":"<p>Halep Valili\u011finde bir kaynak SANA\u2019ya a\u00e7\u0131klamas\u0131nda Erdo\u011fan rejiminin \u2018Suriyeli muhalifler\u2019 ad\u0131 alt\u0131nda destekledi\u011fi tekfirci ve hain ter\u00f6ristlerin Selahattin Smetini bir dizi f\u00fcze ve havan roketiyle geli\u015fig\u00fczel hedef almalar\u0131 sonucunda 3 vatanda\u015f\u0131n \u015fehit, bir\u00e7ok vatanda\u015f\u0131n da yaral\u0131 d\u00fc\u015ft\u00fc\u011f\u00fcn\u00fc belirtti<\/p>\n","protected":false},"author":1,"featured_media":0,"comment_status":"closed","ping_status":"closed","sticky":false,"template":"","format":"standard","meta":{"footnotes":""},"categories":[17991],"tags":[],"class_list":["post-61881","post","type-post","status-publish","format-standard","","category-son-dakika"],"_links":{"self":[{"href":"https:\/\/archive.sana.sy\/tr\/index.php?rest_route=\/wp\/v2\/posts\/61881","targetHints":{"allow":["GET"]}}],"collection":[{"href":"https:\/\/archive.sana.sy\/tr\/index.php?rest_route=\/wp\/v2\/posts"}],"about":[{"href":"https:\/\/archive.sana.sy\/tr\/index.php?rest_route=\/wp\/v2\/types\/post"}],"author":[{"embeddable":true,"href":"https:\/\/archive.sana.sy\/tr\/index.php?rest_route=\/wp\/v2\/users\/1"}],"replies":[{"embeddable":true,"href":"https:\/\/archive.sana.sy\/tr\/index.php?rest_route=%2Fwp%2Fv2%2Fcomments&post=61881"}],"version-history":[{"count":0,"href":"https:\/\/archive.sana.sy\/tr\/index.php?rest_route=\/wp\/v2\/posts\/61881\/revisions"}],"wp:attachment":[{"href":"https:\/\/archive.sana.sy\/tr\/index.php?rest_route=%2Fwp%2Fv2%2Fmedia&parent=61881"}],"wp:term":[{"taxonomy":"category","embeddable":true,"href":"https:\/\/archive.sana.sy\/tr\/index.php?rest_route=%2Fwp%2Fv2%2Fcategories&post=61881"},{"taxonomy":"post_tag","embeddable":true,"href":"https:\/\/archive.sana.sy\/tr\/index.php?rest_route=%2Fwp%2Fv2%2Ftags&post=61881"}],"curies":[{"name":"wp","href":"https:\/\/api.w.org\/{rel}","templated":true}]}}