{"id":61883,"date":"2016-02-18T16:00:56","date_gmt":"2016-02-18T14:00:56","guid":{"rendered":"http:\/\/www.sana.sy\/tr\/?p=61883"},"modified":"2016-02-19T19:23:49","modified_gmt":"2016-02-19T17:23:49","slug":"teroristleri-tesvik-eden-bu-aciklamalari-reddediyoruz","status":"publish","type":"post","link":"https:\/\/archive.sana.sy\/tr\/?p=61883","title":{"rendered":"Ter\u00f6ristleri Te\u015fvik Eden Bu A\u00e7\u0131klamalar\u0131 Reddediyoruz"},"content":{"rendered":"<p>\u015eAM \u2013 Suriye Arap Cumhuriyeti Almanya Ba\u015fbakan\u0131 Angela Merkel\u2019in \u2018Suriye&#8217;de u\u00e7u\u015fa yasak b\u00f6lgenin kurulmas\u0131\u2019 konusunda yapt\u0131\u011f\u0131 a\u00e7\u0131klamalar\u0131 c\u00fcmleten ve ayr\u0131nt\u0131lar\u0131yla mutlak bir \u015fekilde reddetti\u011fini vurgulad\u0131.<\/p>\n<p>D\u0131\u015fi\u015fleri ve Gurbet\u00e7iler Bakanl\u0131\u011f\u0131nda yetkili bir kaynak bug\u00fcn SANA\u2019ya yapt\u0131\u011f\u0131 a\u00e7\u0131klamada; Merkel\u2019in bu a\u00e7\u0131klamalar\u0131yla kurulmas\u0131na \u00e7a\u011f\u0131rd\u0131\u011f\u0131 u\u00e7u\u015fa yasak b\u00f6lgenin uluslar aras\u0131 kanun ve kararlar\u0131n yan\u0131 s\u0131ra BM misak\u0131yla \u00e7eli\u015fti\u011fini, Suriye&#8217;nin egemenli\u011fine ve toprak b\u00fct\u00fcnl\u00fc\u011f\u00fcne de ihlal te\u015fkil etti\u011finin alt\u0131n\u0131 \u00e7izdi.<\/p>\n<p>Suriye h\u00fck\u00fcmetinin Merkel\u2019in, T\u00fcrkiye rejiminin uzun s\u00fcredir \u00e7abalad\u0131\u011f\u0131 talebiyle uyu\u015fan bu a\u00e7\u0131klamalar\u0131n\u0131 garipsedi\u011fini belirten kaynak; Erdo\u011fan rejiminin uzun s\u00fcredir talep etti\u011fi s\u00f6z konusu u\u00e7u\u015fa yasak b\u00f6lgeyle d\u00fcnyan\u0131n her yerinden toplay\u0131p destekledi\u011fi ter\u00f6ristlere deste\u011fi ama\u00e7lad\u0131\u011f\u0131n\u0131n alt\u0131n\u0131 \u00e7izdi. Kaynak Suriyelilerin tehcir olmalar\u0131na yol a\u00e7an ve Avrupa\u2019n\u0131n tan\u0131k oldu\u011fu m\u00fclteci krizinin temel nedeninin bu ter\u00f6r \u00f6rg\u00fctleri ve onlar\u0131 destekleyen T\u00fcrkiye rejimi oldu\u011funa i\u015faret etti.<\/p>\n<p>Bu y\u00f6ndeki a\u00e7\u0131klamalar\u0131n Suriye&#8217;de krizin s\u00fcresini uzataca\u011f\u0131na dikkat \u00e7eken kaynak; ter\u00f6ristlere eylemlerini s\u00fcrd\u00fcrme ve Suriyelilere y\u00f6nelik sald\u0131r\u0131lar\u0131n\u0131 t\u0131rmand\u0131rmada te\u015fvik te\u015fkil edece\u011fine de dikkat \u00e7ekti.<\/p>\n","protected":false},"excerpt":{"rendered":"<p>\u015eAM \u2013 Suriye Arap Cumhuriyeti Almanya Ba\u015fbakan\u0131 Angela Merkel\u2019in \u2018Suriye&#8217;de u\u00e7u\u015fa yasak b\u00f6lgenin kurulmas\u0131\u2019 konusunda yapt\u0131\u011f\u0131 a\u00e7\u0131klamalar\u0131 c\u00fcmleten ve ayr\u0131nt\u0131lar\u0131yla mutlak bir \u015fekilde reddetti\u011fini vurgulad\u0131. D\u0131\u015fi\u015fleri ve Gurbet\u00e7iler Bakanl\u0131\u011f\u0131nda yetkili bir kaynak bug\u00fcn SANA\u2019ya yapt\u0131\u011f\u0131 a\u00e7\u0131klamada; Merkel\u2019in bu a\u00e7\u0131klamalar\u0131yla kurulmas\u0131na \u00e7a\u011f\u0131rd\u0131\u011f\u0131 u\u00e7u\u015fa yasak b\u00f6lgenin uluslar aras\u0131 kanun ve kararlar\u0131n yan\u0131 s\u0131ra BM misak\u0131yla \u00e7eli\u015fti\u011fini, Suriye&#8217;nin &hellip;<\/p>\n","protected":false},"author":1,"featured_media":58242,"comment_status":"closed","ping_status":"closed","sticky":false,"template":"","format":"standard","meta":{"footnotes":""},"categories":[479,2554,2555,478],"tags":[19328],"class_list":["post-61883","post","type-post","status-publish","format-standard","has-post-thumbnail","","category-haberler-yerel","category-suriye-ve-dunya","category-suriye-ve-turkiye","category-yerel","tag-teroristleri-tesvik-eden-bu-aciklamalari-reddediyoruz"],"_links":{"self":[{"href":"https:\/\/archive.sana.sy\/tr\/index.php?rest_route=\/wp\/v2\/posts\/61883","targetHints":{"allow":["GET"]}}],"collection":[{"href":"https:\/\/archive.sana.sy\/tr\/index.php?rest_route=\/wp\/v2\/posts"}],"about":[{"href":"https:\/\/archive.sana.sy\/tr\/index.php?rest_route=\/wp\/v2\/types\/post"}],"author":[{"embeddable":true,"href":"https:\/\/archive.sana.sy\/tr\/index.php?rest_route=\/wp\/v2\/users\/1"}],"replies":[{"embeddable":true,"href":"https:\/\/archive.sana.sy\/tr\/index.php?rest_route=%2Fwp%2Fv2%2Fcomments&post=61883"}],"version-history":[{"count":0,"href":"https:\/\/archive.sana.sy\/tr\/index.php?rest_route=\/wp\/v2\/posts\/61883\/revisions"}],"wp:featuredmedia":[{"embeddable":true,"href":"https:\/\/archive.sana.sy\/tr\/index.php?rest_route=\/wp\/v2\/media\/58242"}],"wp:attachment":[{"href":"https:\/\/archive.sana.sy\/tr\/index.php?rest_route=%2Fwp%2Fv2%2Fmedia&parent=61883"}],"wp:term":[{"taxonomy":"category","embeddable":true,"href":"https:\/\/archive.sana.sy\/tr\/index.php?rest_route=%2Fwp%2Fv2%2Fcategories&post=61883"},{"taxonomy":"post_tag","embeddable":true,"href":"https:\/\/archive.sana.sy\/tr\/index.php?rest_route=%2Fwp%2Fv2%2Ftags&post=61883"}],"curies":[{"name":"wp","href":"https:\/\/api.w.org\/{rel}","templated":true}]}}