{"id":61890,"date":"2016-02-18T16:23:35","date_gmt":"2016-02-18T14:23:35","guid":{"rendered":"http:\/\/www.sana.sy\/tr\/?p=61890"},"modified":"2016-02-18T16:23:35","modified_gmt":"2016-02-18T14:23:35","slug":"askeri-kaynak-sanaya-aciklamasinda-ordu-birliklerimizin-halk-savunma-gucleriyle-isbirligi-icinde-lazkiye-kirsalinin-kuzeyi-topal-kalesi-bayyadat-arazileri-ruvayset-el-kasmer-ruvayset-el-k","status":"publish","type":"post","link":"https:\/\/archive.sana.sy\/tr\/?p=61890","title":{"rendered":"Askeri kaynak SANA\u2019ya a\u00e7\u0131klamas\u0131nda; ordu birliklerimizin Halk Savunma G\u00fc\u00e7leriyle i\u015fbirli\u011fi i\u00e7inde Lazkiye k\u0131rsal\u0131n\u0131n kuzeyi Topal Kalesi, Bayyadat Arazileri, R\u00fcvayset el Ka\u015fmer, R\u00fcvayset el Kniyse ve R\u00fcvayset el \u015emiyes b\u00f6lgelerinin yan\u0131 s\u0131ra 844 ve 722 noktalar\u0131n\u0131 katil Erdo\u011fan \u00e7etelerinden temizleyip kontrollerine ge\u00e7irdiklerini beyan etti"},"content":{"rendered":"<p>Askeri kaynak SANA\u2019ya a\u00e7\u0131klamas\u0131nda; ordu birliklerimizin Halk Savunma G\u00fc\u00e7leriyle i\u015fbirli\u011fi i\u00e7inde Lazkiye k\u0131rsal\u0131n\u0131n kuzeyi Topal Kalesi, Bayyadat Arazileri, R\u00fcvayset el Ka\u015fmer, R\u00fcvayset el Kniyse ve R\u00fcvayset el \u015emiyes b\u00f6lgelerinin yan\u0131 s\u0131ra 844 ve 722 noktalar\u0131n\u0131 katil Erdo\u011fan \u00e7etelerinden temizleyip kontrollerine ge\u00e7irdiklerini beyan etti<\/p>\n","protected":false},"excerpt":{"rendered":"<p>Askeri kaynak SANA\u2019ya a\u00e7\u0131klamas\u0131nda; ordu birliklerimizin Halk Savunma G\u00fc\u00e7leriyle i\u015fbirli\u011fi i\u00e7inde Lazkiye k\u0131rsal\u0131n\u0131n kuzeyi Topal Kalesi, Bayyadat Arazileri, R\u00fcvayset el Ka\u015fmer, R\u00fcvayset el Kniyse ve R\u00fcvayset el \u015emiyes b\u00f6lgelerinin yan\u0131 s\u0131ra 844 ve 722 noktalar\u0131n\u0131 katil Erdo\u011fan \u00e7etelerinden temizleyip kontrollerine ge\u00e7irdiklerini beyan etti<\/p>\n","protected":false},"author":1,"featured_media":0,"comment_status":"closed","ping_status":"closed","sticky":false,"template":"","format":"standard","meta":{"footnotes":""},"categories":[17991],"tags":[],"class_list":["post-61890","post","type-post","status-publish","format-standard","","category-son-dakika"],"_links":{"self":[{"href":"https:\/\/archive.sana.sy\/tr\/index.php?rest_route=\/wp\/v2\/posts\/61890","targetHints":{"allow":["GET"]}}],"collection":[{"href":"https:\/\/archive.sana.sy\/tr\/index.php?rest_route=\/wp\/v2\/posts"}],"about":[{"href":"https:\/\/archive.sana.sy\/tr\/index.php?rest_route=\/wp\/v2\/types\/post"}],"author":[{"embeddable":true,"href":"https:\/\/archive.sana.sy\/tr\/index.php?rest_route=\/wp\/v2\/users\/1"}],"replies":[{"embeddable":true,"href":"https:\/\/archive.sana.sy\/tr\/index.php?rest_route=%2Fwp%2Fv2%2Fcomments&post=61890"}],"version-history":[{"count":0,"href":"https:\/\/archive.sana.sy\/tr\/index.php?rest_route=\/wp\/v2\/posts\/61890\/revisions"}],"wp:attachment":[{"href":"https:\/\/archive.sana.sy\/tr\/index.php?rest_route=%2Fwp%2Fv2%2Fmedia&parent=61890"}],"wp:term":[{"taxonomy":"category","embeddable":true,"href":"https:\/\/archive.sana.sy\/tr\/index.php?rest_route=%2Fwp%2Fv2%2Fcategories&post=61890"},{"taxonomy":"post_tag","embeddable":true,"href":"https:\/\/archive.sana.sy\/tr\/index.php?rest_route=%2Fwp%2Fv2%2Ftags&post=61890"}],"curies":[{"name":"wp","href":"https:\/\/api.w.org\/{rel}","templated":true}]}}