{"id":61902,"date":"2016-02-18T16:00:39","date_gmt":"2016-02-18T14:00:39","guid":{"rendered":"http:\/\/www.sana.sy\/tr\/?p=61902"},"modified":"2016-02-19T16:50:58","modified_gmt":"2016-02-19T14:50:58","slug":"terorden-temizlenen-bolgeleri-bombalayan-turkiye-rejimi-sivilleri-olduruyor","status":"publish","type":"post","link":"https:\/\/archive.sana.sy\/tr\/?p=61902","title":{"rendered":"Ter\u00f6rden Temizlenen B\u00f6lgeleri Bombalayan T\u00fcrkiye Rejimi Sivilleri \u00d6ld\u00fcr\u00fcyor"},"content":{"rendered":"<p>MOSKOVA \u2013 Rusya D\u0131\u015fi\u015fleri Bakanl\u0131\u011f\u0131 s\u00f6zc\u00fcs\u00fc Maria Zakharova; Suriye h\u00fck\u00fcmetinin ter\u00f6rden temizlenen b\u00f6lgelerde uygun ya\u015fam ko\u015fullar\u0131n\u0131 temin etti\u011fini belirtirken, ABD komutas\u0131ndaki uluslar aras\u0131 koalisyonun ise sivil b\u00f6lgeleri ve sivil hedefleri hava operasyonlar\u0131yla hedef ald\u0131\u011f\u0131n\u0131 vurgulad\u0131.<\/p>\n<p>Zakharova bug\u00fcn yapt\u0131\u011f\u0131 bas\u0131n a\u00e7\u0131klamalar\u0131nda; T\u00fcrkiye rejimi g\u00fc\u00e7lerinin Suriye&#8217;nin kuzeyinde ter\u00f6ristlerden temizlenen b\u00f6lgeleri bombalad\u0131\u011f\u0131na dikkat \u00e7ekerken, bu sald\u0131r\u0131larda savunmas\u0131z sivil vatanda\u015flar\u0131n \u00f6ld\u00fc\u011f\u00fcne vurgu yapt\u0131.<\/p>\n","protected":false},"excerpt":{"rendered":"<p>MOSKOVA \u2013 Rusya D\u0131\u015fi\u015fleri Bakanl\u0131\u011f\u0131 s\u00f6zc\u00fcs\u00fc Maria Zakharova; Suriye h\u00fck\u00fcmetinin ter\u00f6rden temizlenen b\u00f6lgelerde uygun ya\u015fam ko\u015fullar\u0131n\u0131 temin etti\u011fini belirtirken, ABD komutas\u0131ndaki uluslar aras\u0131 koalisyonun ise sivil b\u00f6lgeleri ve sivil hedefleri hava operasyonlar\u0131yla hedef ald\u0131\u011f\u0131n\u0131 vurgulad\u0131. Zakharova bug\u00fcn yapt\u0131\u011f\u0131 bas\u0131n a\u00e7\u0131klamalar\u0131nda; T\u00fcrkiye rejimi g\u00fc\u00e7lerinin Suriye&#8217;nin kuzeyinde ter\u00f6ristlerden temizlenen b\u00f6lgeleri bombalad\u0131\u011f\u0131na dikkat \u00e7ekerken, bu sald\u0131r\u0131larda savunmas\u0131z sivil &hellip;<\/p>\n","protected":false},"author":1,"featured_media":61905,"comment_status":"closed","ping_status":"closed","sticky":false,"template":"","format":"standard","meta":{"footnotes":""},"categories":[458,459,17988],"tags":[],"class_list":["post-61902","post","type-post","status-publish","format-standard","has-post-thumbnail","","category-dunya1","category-haberler-arap-uluslararasi-politika","category-son-haberler"],"_links":{"self":[{"href":"https:\/\/archive.sana.sy\/tr\/index.php?rest_route=\/wp\/v2\/posts\/61902","targetHints":{"allow":["GET"]}}],"collection":[{"href":"https:\/\/archive.sana.sy\/tr\/index.php?rest_route=\/wp\/v2\/posts"}],"about":[{"href":"https:\/\/archive.sana.sy\/tr\/index.php?rest_route=\/wp\/v2\/types\/post"}],"author":[{"embeddable":true,"href":"https:\/\/archive.sana.sy\/tr\/index.php?rest_route=\/wp\/v2\/users\/1"}],"replies":[{"embeddable":true,"href":"https:\/\/archive.sana.sy\/tr\/index.php?rest_route=%2Fwp%2Fv2%2Fcomments&post=61902"}],"version-history":[{"count":0,"href":"https:\/\/archive.sana.sy\/tr\/index.php?rest_route=\/wp\/v2\/posts\/61902\/revisions"}],"wp:featuredmedia":[{"embeddable":true,"href":"https:\/\/archive.sana.sy\/tr\/index.php?rest_route=\/wp\/v2\/media\/61905"}],"wp:attachment":[{"href":"https:\/\/archive.sana.sy\/tr\/index.php?rest_route=%2Fwp%2Fv2%2Fmedia&parent=61902"}],"wp:term":[{"taxonomy":"category","embeddable":true,"href":"https:\/\/archive.sana.sy\/tr\/index.php?rest_route=%2Fwp%2Fv2%2Fcategories&post=61902"},{"taxonomy":"post_tag","embeddable":true,"href":"https:\/\/archive.sana.sy\/tr\/index.php?rest_route=%2Fwp%2Fv2%2Ftags&post=61902"}],"curies":[{"name":"wp","href":"https:\/\/api.w.org\/{rel}","templated":true}]}}