{"id":61960,"date":"2016-02-19T12:54:51","date_gmt":"2016-02-19T10:54:51","guid":{"rendered":"http:\/\/www.sana.sy\/tr\/?p=61960"},"modified":"2016-02-20T12:29:14","modified_gmt":"2016-02-20T10:29:14","slug":"lahham-tiranda-temaslarini-surduruyor","status":"publish","type":"post","link":"https:\/\/archive.sana.sy\/tr\/?p=61960","title":{"rendered":"Lahham Tiran\u2019da Temaslar\u0131n\u0131 S\u00fcrd\u00fcr\u00fcyor (video)"},"content":{"rendered":"<p>T\u0130RAN \u2013 Halk Meclisi Ba\u015fkan\u0131 Muhammed Cihat el Lahham Suriye&#8217;nin dostlarla i\u015fbirli\u011fi i\u00e7inde ulusal temel \u00f6ncelik olarak uluslar aras\u0131 ter\u00f6re kar\u015f\u0131 m\u00fccadelesini s\u00fcrd\u00fcrme kararl\u0131l\u0131\u011f\u0131nda oldu\u011funu bir kez daha vurgulad\u0131.<\/p>\n<p>Arnavut\u2019un ba\u015fkenti Tiran\u2019da Akdeniz \u00dclkeleri Parlamento Cemiyetinin toplant\u0131lar\u0131na kat\u0131l\u0131m\u0131 \u00e7er\u00e7evesinde cemiyet ba\u015fkan\u0131 Lhou el Marbouh ile bir araya gelen Lahham; Suriye, Libya, M\u0131s\u0131r, Tunus ya da Akdeniz\u2019in di\u011fer \u00fclkelerinin maruz kald\u0131klar\u0131 ter\u00f6r\u00fcn, Bat\u0131l\u0131 devletlerin m\u00fcdahaleleri ve b\u00f6lgesel kimi rejimlerin i\u015fbirlikleri sonucunda oldu\u011funu ifade etti. Lahham T\u00fcrkiye, Suudi Arabistan ve Katar gibi bir k\u0131s\u0131m b\u00f6lgesel rejimlerin d\u00fcnyan\u0131n her yerinden toplat\u0131lan tekfirci ve kiral\u0131k ter\u00f6ristlere muhtelif t\u00fcr desteklerine \u0131\u015f\u0131k tuttu.<\/p>\n<p>Kimi taraflar\u0131n \u2018Suriyeli m\u00fclteciler\u2019 ve Suriye&#8217;deki insani durumlar konusunda yapt\u0131klar\u0131 propagandaya da vurgu yapan Lahham; Suriyelilerin tehcir edilmelerinden ve insani durumlar\u0131n k\u00f6t\u00fcle\u015fmesinin as\u0131l nedenleri olan bu taraflar\u0131n ger\u00e7ekleri \u00e7arp\u0131tt\u0131klar\u0131n\u0131 belirtti.<\/p>\n<p>Asamble Ba\u015fkan\u0131 Marbouh Suriye&#8217;deki krizin \u00e7\u00f6z\u00fcm\u00fc konusunda asamblenin etkin bir rol oynamaya haz\u0131r oldu\u011funu ifade ederken kimi taraflar ve medya kurumlar\u0131n\u0131n Suriyeli m\u00fcltecilerin durumunu f\u0131rsat kulland\u0131klar\u0131n\u0131n da bilindi\u011fini s\u00f6yledi.<\/p>\n<p><span style=\"color: #0000ff\">Lahham Fransa Heyeti Ba\u015fkan\u0131yla Durumlar\u0131 \u0130nceledi<\/span><\/p>\n<p>Tiran\u2019daki temaslar\u0131 kapsam\u0131nda Meclis Ba\u015fkan\u0131 Lahham ayr\u0131ca Asamble toplant\u0131lar\u0131nda Frans\u0131z heyeti ba\u015fkan\u0131 ve Fransa Ulusal Cemiyeti \u00dcyesi Michel Vauzelle ile bir araya gelerek \u00f6zellikle Suriye ba\u015fta olmak \u00fczere Akdeniz \u00fclkelerindeki durumlar\u0131 masaya yat\u0131rd\u0131.<\/p>\n<p>Fransa\u2019n\u0131n Suriye&#8217;deki kriz konusunda oynad\u0131\u011f\u0131 role odaklan\u0131lan g\u00f6r\u00fc\u015fmede Lahham ABD komutas\u0131ndaki uluslar aras\u0131 koalisyonun ter\u00f6rle m\u00fccadelede ciddiyetsizli\u011fine dikkat \u00e7ekti.<\/p>\n<p>Vauzelle ise Fransa\u2019n\u0131n Suriye ve halk\u0131na \u00f6nem verdi\u011fini ifade ederken Fransa parlamentosunun siyasi \u00e7\u00f6z\u00fcm\u00fcn sa\u011flanmas\u0131na katk\u0131 sa\u011flama temennisini dile getirdi.<\/p>\n<p>https:\/\/www.youtube.com\/watch?v=CgRthnb0bAc<\/p>\n<p>R.H.<\/p>\n","protected":false},"excerpt":{"rendered":"<p>T\u0130RAN \u2013 Halk Meclisi Ba\u015fkan\u0131 Muhammed Cihat el Lahham Suriye&#8217;nin dostlarla i\u015fbirli\u011fi i\u00e7inde ulusal temel \u00f6ncelik olarak uluslar aras\u0131 ter\u00f6re kar\u015f\u0131 m\u00fccadelesini s\u00fcrd\u00fcrme kararl\u0131l\u0131\u011f\u0131nda oldu\u011funu bir kez daha vurgulad\u0131. Arnavut\u2019un ba\u015fkenti Tiran\u2019da Akdeniz \u00dclkeleri Parlamento Cemiyetinin toplant\u0131lar\u0131na kat\u0131l\u0131m\u0131 \u00e7er\u00e7evesinde cemiyet ba\u015fkan\u0131 Lhou el Marbouh ile bir araya gelen Lahham; Suriye, Libya, M\u0131s\u0131r, Tunus ya da &hellip;<\/p>\n","protected":false},"author":1,"featured_media":61961,"comment_status":"closed","ping_status":"closed","sticky":false,"template":"","format":"standard","meta":{"footnotes":""},"categories":[458,459,17988],"tags":[19341],"class_list":["post-61960","post","type-post","status-publish","format-standard","has-post-thumbnail","","category-dunya1","category-haberler-arap-uluslararasi-politika","category-son-haberler","tag-lahham-tiranda-temaslarini-surduruyor"],"_links":{"self":[{"href":"https:\/\/archive.sana.sy\/tr\/index.php?rest_route=\/wp\/v2\/posts\/61960","targetHints":{"allow":["GET"]}}],"collection":[{"href":"https:\/\/archive.sana.sy\/tr\/index.php?rest_route=\/wp\/v2\/posts"}],"about":[{"href":"https:\/\/archive.sana.sy\/tr\/index.php?rest_route=\/wp\/v2\/types\/post"}],"author":[{"embeddable":true,"href":"https:\/\/archive.sana.sy\/tr\/index.php?rest_route=\/wp\/v2\/users\/1"}],"replies":[{"embeddable":true,"href":"https:\/\/archive.sana.sy\/tr\/index.php?rest_route=%2Fwp%2Fv2%2Fcomments&post=61960"}],"version-history":[{"count":0,"href":"https:\/\/archive.sana.sy\/tr\/index.php?rest_route=\/wp\/v2\/posts\/61960\/revisions"}],"wp:featuredmedia":[{"embeddable":true,"href":"https:\/\/archive.sana.sy\/tr\/index.php?rest_route=\/wp\/v2\/media\/61961"}],"wp:attachment":[{"href":"https:\/\/archive.sana.sy\/tr\/index.php?rest_route=%2Fwp%2Fv2%2Fmedia&parent=61960"}],"wp:term":[{"taxonomy":"category","embeddable":true,"href":"https:\/\/archive.sana.sy\/tr\/index.php?rest_route=%2Fwp%2Fv2%2Fcategories&post=61960"},{"taxonomy":"post_tag","embeddable":true,"href":"https:\/\/archive.sana.sy\/tr\/index.php?rest_route=%2Fwp%2Fv2%2Ftags&post=61960"}],"curies":[{"name":"wp","href":"https:\/\/api.w.org\/{rel}","templated":true}]}}