{"id":61967,"date":"2016-02-19T18:04:29","date_gmt":"2016-02-19T16:04:29","guid":{"rendered":"http:\/\/www.sana.sy\/tr\/?p=61967"},"modified":"2016-02-19T18:04:29","modified_gmt":"2016-02-19T16:04:29","slug":"bm-suriye-ozel-temsilcisi-staffan-de-misturanin-resmi-sozcusu-havla-matar-de-misturanin-suriye-hukumeti-ve-muhalefet-heyeti-hazir-olmadiklari-takdirde-suriyeliler-arasindaki-gorusmeleri-yeniden-b","status":"publish","type":"post","link":"https:\/\/archive.sana.sy\/tr\/?p=61967","title":{"rendered":"BM Suriye \u00f6zel temsilcisi Staffan de Mistura&#8217;n\u0131n resmi s\u00f6zc\u00fcs\u00fc Havla Matar; de Mistura&#8217;n\u0131n Suriye h\u00fck\u00fcmeti ve muhalefet heyeti haz\u0131r olmad\u0131klar\u0131 takdirde Suriyeliler aras\u0131ndaki g\u00f6r\u00fc\u015fmeleri yeniden ba\u015flatmayaca\u011f\u0131n\u0131 belirtti\u200f"},"content":{"rendered":"<p>BM Suriye \u00f6zel temsilcisi Staffan de Mistura&#8217;n\u0131n resmi s\u00f6zc\u00fcs\u00fc Havla Matar; de Mistura&#8217;n\u0131n Suriye h\u00fck\u00fcmeti ve muhalefet heyeti haz\u0131r olmad\u0131klar\u0131 takdirde Suriyeliler aras\u0131ndaki g\u00f6r\u00fc\u015fmeleri yeniden ba\u015flatmayaca\u011f\u0131n\u0131 belirtti\u200f<\/p>\n","protected":false},"excerpt":{"rendered":"<p>BM Suriye \u00f6zel temsilcisi Staffan de Mistura&#8217;n\u0131n resmi s\u00f6zc\u00fcs\u00fc Havla Matar; de Mistura&#8217;n\u0131n Suriye h\u00fck\u00fcmeti ve muhalefet heyeti haz\u0131r olmad\u0131klar\u0131 takdirde Suriyeliler aras\u0131ndaki g\u00f6r\u00fc\u015fmeleri yeniden ba\u015flatmayaca\u011f\u0131n\u0131 belirtti\u200f<\/p>\n","protected":false},"author":1,"featured_media":0,"comment_status":"closed","ping_status":"closed","sticky":false,"template":"","format":"standard","meta":{"footnotes":""},"categories":[17991],"tags":[],"class_list":["post-61967","post","type-post","status-publish","format-standard","","category-son-dakika"],"_links":{"self":[{"href":"https:\/\/archive.sana.sy\/tr\/index.php?rest_route=\/wp\/v2\/posts\/61967","targetHints":{"allow":["GET"]}}],"collection":[{"href":"https:\/\/archive.sana.sy\/tr\/index.php?rest_route=\/wp\/v2\/posts"}],"about":[{"href":"https:\/\/archive.sana.sy\/tr\/index.php?rest_route=\/wp\/v2\/types\/post"}],"author":[{"embeddable":true,"href":"https:\/\/archive.sana.sy\/tr\/index.php?rest_route=\/wp\/v2\/users\/1"}],"replies":[{"embeddable":true,"href":"https:\/\/archive.sana.sy\/tr\/index.php?rest_route=%2Fwp%2Fv2%2Fcomments&post=61967"}],"version-history":[{"count":0,"href":"https:\/\/archive.sana.sy\/tr\/index.php?rest_route=\/wp\/v2\/posts\/61967\/revisions"}],"wp:attachment":[{"href":"https:\/\/archive.sana.sy\/tr\/index.php?rest_route=%2Fwp%2Fv2%2Fmedia&parent=61967"}],"wp:term":[{"taxonomy":"category","embeddable":true,"href":"https:\/\/archive.sana.sy\/tr\/index.php?rest_route=%2Fwp%2Fv2%2Fcategories&post=61967"},{"taxonomy":"post_tag","embeddable":true,"href":"https:\/\/archive.sana.sy\/tr\/index.php?rest_route=%2Fwp%2Fv2%2Ftags&post=61967"}],"curies":[{"name":"wp","href":"https:\/\/api.w.org\/{rel}","templated":true}]}}