{"id":61971,"date":"2016-02-19T18:21:26","date_gmt":"2016-02-19T16:21:26","guid":{"rendered":"http:\/\/www.sana.sy\/tr\/?p=61971"},"modified":"2016-02-20T16:58:15","modified_gmt":"2016-02-20T14:58:15","slug":"birinci-ordu-olmasa-da-ikinci-ordu-da-degildir","status":"publish","type":"post","link":"https:\/\/archive.sana.sy\/tr\/?p=61971","title":{"rendered":"Birinci Ordu Olmasa da \u0130kinci Ordu da De\u011fildir"},"content":{"rendered":"<p>MOSKOVA \u2013 Rusya Ba\u015fbakan Yard\u0131mc\u0131s\u0131 Dimitri Rogozin ABD Ba\u015fkan\u0131 Barack Obama\u2019n\u0131n Rusya ordusunun g\u00fcc\u00fcn\u00fc de\u011ferlendirmede yan\u0131ld\u0131\u011f\u0131n\u0131 belirtirken, Rusya ordusunun d\u00fcnyan\u0131n birinci ordusu olmayabilece\u011fini, fakat ikinci ordusu da olmad\u0131\u011f\u0131n\u0131 vurgulad\u0131.<\/p>\n<p>Rogozin Twitter hesab\u0131nda Obama\u2019ya seslenirken; \u201cRusya ordusu d\u00fcnyan\u0131n birinci ordusu olmayabilir, fakat kesinlikle ikinci ordusu da de\u011fildir..\u201d ifadesini kulland\u0131.<\/p>\n<p>Obama California\u2019da gazetecilere a\u00e7\u0131klamas\u0131nda; Rus hava g\u00fc\u00e7lerinin Suriye&#8217;de ter\u00f6re kar\u015f\u0131 operasyonlar\u0131na i\u015faretle kendi de\u011fimiyle \u2018Suriye&#8217;de bir avu\u00e7 isyanc\u0131n\u0131n, d\u00fcnyan\u0131n ikinci en g\u00fc\u00e7l\u00fc ordusuna kar\u015f\u0131 koyamayacaklar\u0131n\u0131\u2019 s\u00f6ylemi\u015fti.<\/p>\n","protected":false},"excerpt":{"rendered":"<p>MOSKOVA \u2013 Rusya Ba\u015fbakan Yard\u0131mc\u0131s\u0131 Dimitri Rogozin ABD Ba\u015fkan\u0131 Barack Obama\u2019n\u0131n Rusya ordusunun g\u00fcc\u00fcn\u00fc de\u011ferlendirmede yan\u0131ld\u0131\u011f\u0131n\u0131 belirtirken, Rusya ordusunun d\u00fcnyan\u0131n birinci ordusu olmayabilece\u011fini, fakat ikinci ordusu da olmad\u0131\u011f\u0131n\u0131 vurgulad\u0131. Rogozin Twitter hesab\u0131nda Obama\u2019ya seslenirken; \u201cRusya ordusu d\u00fcnyan\u0131n birinci ordusu olmayabilir, fakat kesinlikle ikinci ordusu da de\u011fildir..\u201d ifadesini kulland\u0131. Obama California\u2019da gazetecilere a\u00e7\u0131klamas\u0131nda; Rus hava g\u00fc\u00e7lerinin &hellip;<\/p>\n","protected":false},"author":1,"featured_media":61972,"comment_status":"closed","ping_status":"closed","sticky":false,"template":"","format":"standard","meta":{"footnotes":""},"categories":[458,459,17988],"tags":[19342],"class_list":["post-61971","post","type-post","status-publish","format-standard","has-post-thumbnail","","category-dunya1","category-haberler-arap-uluslararasi-politika","category-son-haberler","tag-birinci-ordu-olmasa-da-ikinci-ordu-da-degildir"],"_links":{"self":[{"href":"https:\/\/archive.sana.sy\/tr\/index.php?rest_route=\/wp\/v2\/posts\/61971","targetHints":{"allow":["GET"]}}],"collection":[{"href":"https:\/\/archive.sana.sy\/tr\/index.php?rest_route=\/wp\/v2\/posts"}],"about":[{"href":"https:\/\/archive.sana.sy\/tr\/index.php?rest_route=\/wp\/v2\/types\/post"}],"author":[{"embeddable":true,"href":"https:\/\/archive.sana.sy\/tr\/index.php?rest_route=\/wp\/v2\/users\/1"}],"replies":[{"embeddable":true,"href":"https:\/\/archive.sana.sy\/tr\/index.php?rest_route=%2Fwp%2Fv2%2Fcomments&post=61971"}],"version-history":[{"count":0,"href":"https:\/\/archive.sana.sy\/tr\/index.php?rest_route=\/wp\/v2\/posts\/61971\/revisions"}],"wp:featuredmedia":[{"embeddable":true,"href":"https:\/\/archive.sana.sy\/tr\/index.php?rest_route=\/wp\/v2\/media\/61972"}],"wp:attachment":[{"href":"https:\/\/archive.sana.sy\/tr\/index.php?rest_route=%2Fwp%2Fv2%2Fmedia&parent=61971"}],"wp:term":[{"taxonomy":"category","embeddable":true,"href":"https:\/\/archive.sana.sy\/tr\/index.php?rest_route=%2Fwp%2Fv2%2Fcategories&post=61971"},{"taxonomy":"post_tag","embeddable":true,"href":"https:\/\/archive.sana.sy\/tr\/index.php?rest_route=%2Fwp%2Fv2%2Ftags&post=61971"}],"curies":[{"name":"wp","href":"https:\/\/api.w.org\/{rel}","templated":true}]}}