{"id":6206,"date":"2014-07-30T21:39:48","date_gmt":"2014-07-30T18:39:48","guid":{"rendered":"http:\/\/www.sana.sy\/tr\/?p=6206"},"modified":"2014-07-30T23:44:58","modified_gmt":"2014-07-30T20:44:58","slug":"suriye-ve-halki-ordunun-kahramanliklari-sayesinde-zafere-ilerliyor","status":"publish","type":"post","link":"https:\/\/archive.sana.sy\/tr\/?p=6206","title":{"rendered":"Suriye ve Halk\u0131 Ordunun Kahramanl\u0131klar\u0131 Sayesinde Zafere \u0130lerliyor"},"content":{"rendered":"<p>\u015eAM \u2013 Vatan ve vatanda\u015flar\u0131n g\u00fcvenlik ve istikrar\u0131n\u0131 sa\u011flamada \u00fcst\u00fcn fedakarl\u0131klar\u0131 ve d\u00fcnyaya model te\u015fkil eden kahramanl\u0131klar\u0131na takdir ba\u011flam\u0131nda \u2018Suriye Onurum Vefa \u00d6rg\u00fct\u00fc\u2019nden bir heyet bug\u00fcn \u015eam\u2019daki \u015eehit Yusuf el Azma Hastanesinde tedavi g\u00f6ren yaral\u0131 askerleri ziyaret edip bayramlar\u0131n\u0131 kutlad\u0131lar.<\/p>\n<p>Yaral\u0131 askerlere ge\u00e7mi\u015f olsun dileklerinde bulunan heyet ayn\u0131 zamanda sembolik hediyeler de da\u011f\u0131tt\u0131lar.<\/p>\n<p>\u00d6rg\u00fct ba\u015fkan\u0131 Haldun Ebu L\u00fcbada; Suriye ve halk\u0131n\u0131n ordunun \u00fcst\u00fcn fedakarl\u0131klar\u0131 ve destans\u0131 kahramanl\u0131klar\u0131 sayesinde ter\u00f6r ve destek\u00e7ilerine kar\u015f\u0131 zafer yolunda ilerledi\u011fini belirtti.<\/p>\n<p>Ebu L\u00fcbada ziyaret ettikleri yaral\u0131 askerlerin morallerinin ne derecede y\u00fcksek olmas\u0131 ve yeniden \u00e7at\u0131\u015fma sahas\u0131na d\u00f6nme azimlerinin kendilerinde m\u00fcthi\u015f duygulara yol a\u00e7t\u0131\u011f\u0131n\u0131 ifade etti.<\/p>\n<p>\u00d6te yandan yaral\u0131 askerler; vatan\u0131 savunman\u0131n t\u00fcm Suriyelilerin sorumlulu\u011fu oldu\u011funu ifade ederken, herkesin kendi konumundan katk\u0131da bulunmas\u0131n\u0131n m\u00fcmk\u00fcn oldu\u011funa i\u015faret ettiler.<\/p>\n<div id='gallery-1' class='gallery galleryid-6206 gallery-columns-2 gallery-size-thumbnail'><figure class='gallery-item'>\n\t\t\t<div class='gallery-icon landscape'>\n\t\t\t\t<a href='https:\/\/archive.sana.sy\/tr\/wp-content\/uploads\/2014\/07\/heyet-2.jpg'><img loading=\"lazy\" decoding=\"async\" width=\"150\" height=\"105\" src=\"https:\/\/archive.sana.sy\/tr\/wp-content\/uploads\/2014\/07\/heyet-2-150x105.jpg\" class=\"attachment-thumbnail size-thumbnail\" alt=\"\" srcset=\"https:\/\/archive.sana.sy\/tr\/wp-content\/uploads\/2014\/07\/heyet-2-150x105.jpg 150w, https:\/\/archive.sana.sy\/tr\/wp-content\/uploads\/2014\/07\/heyet-2-300x210.jpg 300w, https:\/\/archive.sana.sy\/tr\/wp-content\/uploads\/2014\/07\/heyet-2-1024x717.jpg 1024w\" sizes=\"auto, (max-width: 150px) 100vw, 150px\" \/><\/a>\n\t\t\t<\/div><\/figure><figure class='gallery-item'>\n\t\t\t<div class='gallery-icon landscape'>\n\t\t\t\t<a href='https:\/\/archive.sana.sy\/tr\/wp-content\/uploads\/2014\/07\/heyet-3.jpg'><img loading=\"lazy\" decoding=\"async\" width=\"150\" height=\"97\" src=\"https:\/\/archive.sana.sy\/tr\/wp-content\/uploads\/2014\/07\/heyet-3-150x97.jpg\" class=\"attachment-thumbnail size-thumbnail\" alt=\"\" srcset=\"https:\/\/archive.sana.sy\/tr\/wp-content\/uploads\/2014\/07\/heyet-3-150x97.jpg 150w, https:\/\/archive.sana.sy\/tr\/wp-content\/uploads\/2014\/07\/heyet-3-300x194.jpg 300w, https:\/\/archive.sana.sy\/tr\/wp-content\/uploads\/2014\/07\/heyet-3-1024x664.jpg 1024w\" sizes=\"auto, (max-width: 150px) 100vw, 150px\" \/><\/a>\n\t\t\t<\/div><\/figure>\n\t\t<\/div>\n\n","protected":false},"excerpt":{"rendered":"<p>\u015eAM \u2013 Vatan ve vatanda\u015flar\u0131n g\u00fcvenlik ve istikrar\u0131n\u0131 sa\u011flamada \u00fcst\u00fcn fedakarl\u0131klar\u0131 ve d\u00fcnyaya model te\u015fkil eden kahramanl\u0131klar\u0131na takdir ba\u011flam\u0131nda \u2018Suriye Onurum Vefa \u00d6rg\u00fct\u00fc\u2019nden bir heyet bug\u00fcn \u015eam\u2019daki \u015eehit Yusuf el Azma Hastanesinde tedavi g\u00f6ren yaral\u0131 askerleri ziyaret edip bayramlar\u0131n\u0131 kutlad\u0131lar. Yaral\u0131 askerlere ge\u00e7mi\u015f olsun dileklerinde bulunan heyet ayn\u0131 zamanda sembolik hediyeler de da\u011f\u0131tt\u0131lar. \u00d6rg\u00fct ba\u015fkan\u0131 &hellip;<\/p>\n","protected":false},"author":1,"featured_media":6207,"comment_status":"closed","ping_status":"closed","sticky":false,"template":"","format":"standard","meta":{"footnotes":""},"categories":[479,478],"tags":[1371],"class_list":["post-6206","post","type-post","status-publish","format-standard","has-post-thumbnail","","category-haberler-yerel","category-yerel","tag-suriye-ve-halki-ordunun-kahramanliklari-sayesinde-zafere-ilerliyor"],"_links":{"self":[{"href":"https:\/\/archive.sana.sy\/tr\/index.php?rest_route=\/wp\/v2\/posts\/6206","targetHints":{"allow":["GET"]}}],"collection":[{"href":"https:\/\/archive.sana.sy\/tr\/index.php?rest_route=\/wp\/v2\/posts"}],"about":[{"href":"https:\/\/archive.sana.sy\/tr\/index.php?rest_route=\/wp\/v2\/types\/post"}],"author":[{"embeddable":true,"href":"https:\/\/archive.sana.sy\/tr\/index.php?rest_route=\/wp\/v2\/users\/1"}],"replies":[{"embeddable":true,"href":"https:\/\/archive.sana.sy\/tr\/index.php?rest_route=%2Fwp%2Fv2%2Fcomments&post=6206"}],"version-history":[{"count":0,"href":"https:\/\/archive.sana.sy\/tr\/index.php?rest_route=\/wp\/v2\/posts\/6206\/revisions"}],"wp:featuredmedia":[{"embeddable":true,"href":"https:\/\/archive.sana.sy\/tr\/index.php?rest_route=\/wp\/v2\/media\/6207"}],"wp:attachment":[{"href":"https:\/\/archive.sana.sy\/tr\/index.php?rest_route=%2Fwp%2Fv2%2Fmedia&parent=6206"}],"wp:term":[{"taxonomy":"category","embeddable":true,"href":"https:\/\/archive.sana.sy\/tr\/index.php?rest_route=%2Fwp%2Fv2%2Fcategories&post=6206"},{"taxonomy":"post_tag","embeddable":true,"href":"https:\/\/archive.sana.sy\/tr\/index.php?rest_route=%2Fwp%2Fv2%2Ftags&post=6206"}],"curies":[{"name":"wp","href":"https:\/\/api.w.org\/{rel}","templated":true}]}}