{"id":6215,"date":"2014-07-31T11:24:38","date_gmt":"2014-07-31T08:24:38","guid":{"rendered":"http:\/\/www.sana.sy\/tr\/?p=6215"},"modified":"2014-07-31T11:24:38","modified_gmt":"2014-07-31T08:24:38","slug":"bolivya-isgalci-israili-terorist-listesine-koydu","status":"publish","type":"post","link":"https:\/\/archive.sana.sy\/tr\/?p=6215","title":{"rendered":"Bolivya \u0130\u015fgalci \u0130srail\u2019i Ter\u00f6rist Listesine Koydu"},"content":{"rendered":"<p>LAPAZ \u2013 Bolivya d\u00fcn i\u015fgalci \u0130srailin Gazze Kesimine y\u00f6nelik sald\u0131r\u0131s\u0131n\u0131 protesto amac\u0131yla \u0130srail varl\u0131\u011f\u0131n\u0131 \u00fclkesinin ter\u00f6ristler listesine katt\u0131.<\/p>\n<p>AFP Bolivya Ba\u015fkan\u0131 Evo Morales\u2019ten naklen, \u0130srail\u2019i ter\u00f6rist \u00fclke ilan ettiklerini belirterek, Gazze Kesimine y\u00f6nelik sald\u0131r\u0131n\u0131n \u0130srail\u2019in uluslararas\u0131 ailenin bar\u0131\u015f\u00e7\u0131l ve ortak ya\u015fam\u0131 \u00fcstlenen ya\u015fam ve temel hak ilkelerine sayg\u0131 g\u00f6stermedi\u011finin belirtisi oldu\u011funu vurgulad\u0131.<\/p>\n<p>Bolivya i\u015fgalci \u0130srail varl\u0131\u011f\u0131yla ili\u015fkisini 2009 y\u0131l\u0131ndaki Gazze\u2019ye y\u00f6nelik geni\u015f kapsaml\u0131 sald\u0131r\u0131s\u0131 ard\u0131ndan kesmi\u015f ba\u015fta K\u00fcba ve Venez\u00fcella olmak \u00fczere Latin Amerika \u00fclkelerinin \u00e7o\u011fu ayn\u0131 ad\u0131m\u0131 atm\u0131\u015ft\u0131.<\/p>\n<p>Brezilya ve Ekvator\u2019un ge\u00e7en haftaki ilan\u0131n dan sonra \u015eili, Peru ve Salvador\u2019da d\u00fcn \u0130srail varl\u0131\u011f\u0131ndaki B\u00fcy\u00fckel\u00e7ilerini isti\u015fare i\u00e7in \u00e7a\u011f\u0131rm\u0131\u015flard\u0131.<\/p>\n","protected":false},"excerpt":{"rendered":"<p>LAPAZ \u2013 Bolivya d\u00fcn i\u015fgalci \u0130srailin Gazze Kesimine y\u00f6nelik sald\u0131r\u0131s\u0131n\u0131 protesto amac\u0131yla \u0130srail varl\u0131\u011f\u0131n\u0131 \u00fclkesinin ter\u00f6ristler listesine katt\u0131. AFP Bolivya Ba\u015fkan\u0131 Evo Morales\u2019ten naklen, \u0130srail\u2019i ter\u00f6rist \u00fclke ilan ettiklerini belirterek, Gazze Kesimine y\u00f6nelik sald\u0131r\u0131n\u0131n \u0130srail\u2019in uluslararas\u0131 ailenin bar\u0131\u015f\u00e7\u0131l ve ortak ya\u015fam\u0131 \u00fcstlenen ya\u015fam ve temel hak ilkelerine sayg\u0131 g\u00f6stermedi\u011finin belirtisi oldu\u011funu vurgulad\u0131. Bolivya i\u015fgalci \u0130srail &hellip;<\/p>\n","protected":false},"author":1,"featured_media":6216,"comment_status":"closed","ping_status":"closed","sticky":false,"template":"","format":"standard","meta":{"footnotes":""},"categories":[458,459,447],"tags":[1372],"class_list":["post-6215","post","type-post","status-publish","format-standard","has-post-thumbnail","","category-dunya1","category-haberler-arap-uluslararasi-politika","category-politika","tag-bolivya-isgalci-israili-terorist-listesine-koydu"],"_links":{"self":[{"href":"https:\/\/archive.sana.sy\/tr\/index.php?rest_route=\/wp\/v2\/posts\/6215","targetHints":{"allow":["GET"]}}],"collection":[{"href":"https:\/\/archive.sana.sy\/tr\/index.php?rest_route=\/wp\/v2\/posts"}],"about":[{"href":"https:\/\/archive.sana.sy\/tr\/index.php?rest_route=\/wp\/v2\/types\/post"}],"author":[{"embeddable":true,"href":"https:\/\/archive.sana.sy\/tr\/index.php?rest_route=\/wp\/v2\/users\/1"}],"replies":[{"embeddable":true,"href":"https:\/\/archive.sana.sy\/tr\/index.php?rest_route=%2Fwp%2Fv2%2Fcomments&post=6215"}],"version-history":[{"count":0,"href":"https:\/\/archive.sana.sy\/tr\/index.php?rest_route=\/wp\/v2\/posts\/6215\/revisions"}],"wp:featuredmedia":[{"embeddable":true,"href":"https:\/\/archive.sana.sy\/tr\/index.php?rest_route=\/wp\/v2\/media\/6216"}],"wp:attachment":[{"href":"https:\/\/archive.sana.sy\/tr\/index.php?rest_route=%2Fwp%2Fv2%2Fmedia&parent=6215"}],"wp:term":[{"taxonomy":"category","embeddable":true,"href":"https:\/\/archive.sana.sy\/tr\/index.php?rest_route=%2Fwp%2Fv2%2Fcategories&post=6215"},{"taxonomy":"post_tag","embeddable":true,"href":"https:\/\/archive.sana.sy\/tr\/index.php?rest_route=%2Fwp%2Fv2%2Ftags&post=6215"}],"curies":[{"name":"wp","href":"https:\/\/api.w.org\/{rel}","templated":true}]}}