{"id":62171,"date":"2016-02-21T01:01:08","date_gmt":"2016-02-20T23:01:08","guid":{"rendered":"http:\/\/www.sana.sy\/tr\/?p=62171"},"modified":"2016-02-22T15:15:14","modified_gmt":"2016-02-22T13:15:14","slug":"turkiye-planlarini-muhtelif-yollarla-hayata-gecirmeye-calisiyor","status":"publish","type":"post","link":"https:\/\/archive.sana.sy\/tr\/?p=62171","title":{"rendered":"T\u00fcrkiye Planlar\u0131n\u0131 Muhtelif Yollarla hayata Ge\u00e7irmeye \u00c7al\u0131\u015f\u0131yor(video)"},"content":{"rendered":"<p>\u015eAM \u2013 Cumhurba\u015fkan\u0131 Be\u015f\u015far el Esad \u0130spanyol el Pais Gazetesine verdi\u011fi r\u00f6portajda; Suriye&#8217;deki durumlar ve krizin \u00e7\u00f6z\u00fcm\u00fc y\u00f6n\u00fcndeki son geli\u015fmelere \u0131\u015f\u0131k tuttu.<\/p>\n<p><span style=\"color: #0000ff\">\u0130nsani Yard\u0131mlar\u0131 Devlet De\u011fil, Ter\u00f6ristler Engelliyor<\/span><\/p>\n<p><a href=\"http:\/\/www.sana.sy\/tr\/?attachment_id=62179\" rel=\"attachment wp-att-62179\"><img loading=\"lazy\" decoding=\"async\" class=\"size-medium wp-image-62179 alignright\" src=\"http:\/\/www.sana.sy\/tr\/wp-content\/uploads\/2016\/02\/1-31-300x200.jpg\" alt=\"1\" width=\"300\" height=\"200\" srcset=\"https:\/\/archive.sana.sy\/tr\/wp-content\/uploads\/2016\/02\/1-31-300x200.jpg 300w, https:\/\/archive.sana.sy\/tr\/wp-content\/uploads\/2016\/02\/1-31-150x100.jpg 150w, https:\/\/archive.sana.sy\/tr\/wp-content\/uploads\/2016\/02\/1-31.jpg 660w\" sizes=\"auto, (max-width: 300px) 100vw, 300px\" \/><\/a>Devletin son zamanlarda \u2018abluka alt\u0131nda\u2019 bulunan b\u00f6lgelere insani yard\u0131mlar\u0131n ge\u00e7mesine izin verdi\u011fi ve bunun devam edip etmeyece\u011fine ili\u015fkin soruya cevab\u0131nda el Esad; Suriye devletinin sadece son zamanlarda de\u011fil, krizin ba\u015f\u0131ndan beri her zaman vatanda\u015flar\u0131n ihtiya\u00e7lar\u0131n\u0131n kar\u015f\u0131lanmas\u0131na \u00f6zen g\u00f6sterdi\u011fini belirtti.<\/p>\n<p>El Esad kriz s\u00fcresince hi\u00e7bir b\u00f6lgende devlet taraf\u0131ndan insani yard\u0131mlar\u0131n engellenmedi\u011fini vurgulad\u0131. Bir k\u0131s\u0131m b\u00f6lgelerin \u00e7embere al\u0131nd\u0131\u011f\u0131n\u0131n do\u011fru oldu\u011funu ifade eden el Esad; fakat g\u0131da ve t\u0131bbi yard\u0131mlar veya vatanda\u015flar\u0131n ihtiya\u00e7lar\u0131n\u0131n kesinlikle engellenmedi\u011fini s\u00f6yledi. El Esad bu b\u00f6lgelere insani yard\u0131mlar\u0131n g\u00f6nderildi\u011fini, fakat ter\u00f6r \u00f6rg\u00fctlerin bu yard\u0131mlar\u0131 gasp edip ya kendi ter\u00f6ristlerine da\u011f\u0131tt\u0131\u011f\u0131n\u0131 ya da fahi\u015f fiyatlarla vatanda\u015flara satt\u0131klar\u0131n\u0131 belirtti. Bunun da bir dizi canl\u0131 \u00f6rne\u011finin kan\u0131tlarla muhtelif medya ara\u00e7lar\u0131nda yer ald\u0131\u011f\u0131na dikkat \u00e7eken el Esad; devletin insani yard\u0131mlar\u0131 kesmek bir yere kals\u0131n, I\u015e\u0130D\u2019in bulundu\u011fu Rakka ve Deyrezzor gibi illerde memurlar\u0131n\u0131n maa\u015flar\u0131n\u0131 bile kesmedi\u011fini vurgulad\u0131.<\/p>\n<p>S\u00f6zlerine devam eden el Esad Suriye&#8217;de tehcir edilenlerin durumu ve insani durumlar\u0131n muhtelif ama\u00e7l\u0131 olarak politikle\u015ftirilip kullan\u0131ld\u0131\u011f\u0131n\u0131n bir kez daha alt\u0131n\u0131 \u00e7izerken; sonu\u00e7 itibar\u0131yla devletin \u00f6zellikle bu gibi s\u00fcre\u00e7lerde vatanda\u015flar\u0131n\u0131n deste\u011fine ihtiyac\u0131 oldu\u011funu belirtti. El Esad Suriye&#8217;nin bu mant\u0131kla hareket etti\u011fini ve bu mant\u0131kla hareket etmeye devam edip istisnas\u0131z t\u00fcm vatanda\u015flar\u0131n\u0131n ihtiya\u00e7lar\u0131n\u0131n kar\u015f\u0131lanmas\u0131 i\u00e7in gereken her gayreti g\u00f6sterece\u011fini vurgulad\u0131.<\/p>\n<p><span style=\"color: #0000ff\">Ku\u015fkusuz Suriye Buna Haz\u0131rd\u0131r<\/span><\/p>\n<p>Rusya ve ABD\u2019nin ilan edecekleri ate\u015fkese Suriye&#8217;nin haz\u0131r olup olmad\u0131\u011f\u0131 sorusuna cevab\u0131nda el Esad; ku\u015fkusuz haz\u0131r oldu\u011funu ve bunu bir\u00e7ok kez ilan etti\u011fine dikkat \u00e7ekti.<\/p>\n<p>Fakat pratikte durumun farkl\u0131 oldu\u011funa i\u015faret eden el Esad; haz\u0131r oldu\u011funu ilan etmenin bir anlam te\u015fkil etmedi\u011fini, kar\u015f\u0131 taraf\u0131n buna ne kadar ba\u011fl\u0131 kalaca\u011f\u0131n\u0131n \u00f6nemli oldu\u011funu s\u00f6yledi. El Esad ate\u015fkes teriminin de burada yanl\u0131\u015f kullan\u0131ld\u0131\u011f\u0131na vurgu yaparken ate\u015fkesin sava\u015fan iki devlet ya da iki ordu aras\u0131nda olmas\u0131 gerekti\u011fini s\u00f6yledi.<\/p>\n<p>Operasyonlar\u0131n durdurulmas\u0131 demenin daha mant\u0131kl\u0131 olaca\u011f\u0131n\u0131 ifade eden el Esad; devlet taraf\u0131ndan askeri operasyonlar\u0131n durdurulmas\u0131 halinde ter\u00f6ristlerin konumlar\u0131n\u0131 peki\u015ftirmek i\u00e7in sald\u0131r\u0131larda bulunmamalar\u0131 garantisinin kimse taraf\u0131ndan verilemeyece\u011fini s\u00f6yledi. El Esad ayn\u0131 zamanda ba\u015fta T\u00fcrkiye rejimi olmak \u00fczere ter\u00f6r\u00fc destekleyen devletlerin bu desteklerini kesmelerini de garantilemek gerekti\u011fini belirtti.<\/p>\n<p>Bunlar\u0131n garantisi olmadan operasyonlar\u0131 durdurman\u0131n mant\u0131kl\u0131 olmayaca\u011f\u0131n\u0131 belirten el Esad; BM G\u00fcvenlik Konseyinin yedinci bent alt\u0131nda ter\u00f6re deste\u011fin kesilmesini \u00f6ng\u00f6ren kararlar\u0131 bulunmas\u0131na ra\u011fmen bu kararlar\u0131n ihlal edilmeye devam edildi\u011fi bir zamanda operasyonlar\u0131 durdurman\u0131n ne anlama gelece\u011fi sorusuna dikkat \u00e7ekti.<\/p>\n<p>El Esad bunlar\u0131n yan\u0131 s\u0131ra operasyonlar\u0131n durdurulmas\u0131 halinde bile Kaide \u00d6rg\u00fct\u00fc taban\u0131ndan gelme I\u015e\u0130D, Nusra Cephesi, Ahrar el \u015eam \u0130slami Hareketi ve \u0130slam Ordusu gibi ter\u00f6r \u00f6rg\u00fctlerin \u00e7at\u0131\u015fmalara devam edeceklerini s\u00f6yledi.<\/p>\n<p><span style=\"color: #0000ff\">T\u00fcrkiye Bundan Dolay\u0131 K\u00fcrtleri Vurmak \u0130\u00e7in \u00c7\u0131rp\u0131n\u0131yor<\/span><\/p>\n<p><a href=\"http:\/\/www.sana.sy\/tr\/?attachment_id=62180\" rel=\"attachment wp-att-62180\"><img loading=\"lazy\" decoding=\"async\" class=\"size-medium wp-image-62180 alignright\" src=\"http:\/\/www.sana.sy\/tr\/wp-content\/uploads\/2016\/02\/2-22-300x201.jpg\" alt=\"2\" width=\"300\" height=\"201\" srcset=\"https:\/\/archive.sana.sy\/tr\/wp-content\/uploads\/2016\/02\/2-22-300x201.jpg 300w, https:\/\/archive.sana.sy\/tr\/wp-content\/uploads\/2016\/02\/2-22-150x101.jpg 150w, https:\/\/archive.sana.sy\/tr\/wp-content\/uploads\/2016\/02\/2-22-110x75.jpg 110w, https:\/\/archive.sana.sy\/tr\/wp-content\/uploads\/2016\/02\/2-22.jpg 660w\" sizes=\"auto, (max-width: 300px) 100vw, 300px\" \/><\/a>Suriye ordusu taraf\u0131ndan \u00e7embere al\u0131nan ve \u2018muhaliflerin en b\u00fcy\u00fck karargah\u0131 say\u0131lan\u2019 Halep kentinin ne zaman tamam\u0131yla ordu kontrol\u00fcne ge\u00e7ece\u011fi sorusuna cevab\u0131nda el Esad; Halep Kentinin temelde b\u00fcy\u00fck b\u00f6l\u00fcm\u00fcn\u00fcn zaten devletin kontrol\u00fcnde oldu\u011funu s\u00f6yledi. Ter\u00f6ristlerin bulunduklar\u0131 b\u00f6lgelerde bulunan vatanda\u015flar\u0131n da genelinin devletin kontrol\u00fcndeki b\u00f6lgelere ka\u00e7t\u0131klar\u0131na dikkat \u00e7eken el Esad; fakat temelde meselenin Halep Kentini kontrole almak olmad\u0131\u011f\u0131n\u0131 belirtti.<\/p>\n<p>El Esad meselenin T\u00fcrkiye&#8217;den gelen destek hatlar\u0131n\u0131 kesmek oldu\u011funu, ana hatlar\u0131n bir k\u0131sm\u0131n\u0131n da son s\u00fcre\u00e7 i\u00e7inde kesildi\u011fini s\u00f6yledi. Sonu\u00e7 itibar\u0131yla t\u00fcm destek hatlar\u0131n\u0131n kesilmedi\u011fini ifade eden el Esad; fakat T\u00fcrkiye ile ter\u00f6ristler aras\u0131ndaki ileti\u015fim ve destek temininin zorla\u015ft\u0131\u011f\u0131na dikkat \u00e7ekti. El Esad T\u00fcrkiye&#8217;nin de bundan dolay\u0131 son s\u00fcre\u00e7 i\u00e7inde orada K\u00fcrtleri vurmak i\u00e7in \u00e7\u0131rp\u0131n\u0131p durdu\u011funu vurgulad\u0131.<\/p>\n<p><span style=\"color: #0000ff\">Suriye Ordusu Rakka\u2019ya Girecek Mi?<\/span><\/p>\n<p>Halep\u2019ten sonra Suriye ordusunun Rakka\u2019ya girip girmeyece\u011fi sorusuna cevab\u0131nda el Esad; ilkesel olarak ordunun yurdun her kar\u0131\u015f topra\u011f\u0131na girece\u011fini belirtti. Fakat ordunun \u015fu an Suriye&#8217;de 10 cephede sava\u015ft\u0131\u011f\u0131na dikkat \u00e7eken el Esad; ordunun Rakka\u2019ya hala biraz uzak oldu\u011funu ifade etti.<\/p>\n<p>El Esad sonu\u00e7 itibar\u0131yla ordunun Rakka y\u00f6n\u00fcnde ilerledi\u011fini, fakat bu konuda zaman belirlemenin operasyonlar\u0131n seyrine ba\u011fl\u0131 oldu\u011funu ifade etti.<\/p>\n<p><span style=\"color: #0000ff\">Rusya ve \u0130ran\u2019\u0131n Deste\u011fi Olmadan Bu Ba\u015far\u0131lar\u0131 Sa\u011flayabilir Miydiniz?<\/span><\/p>\n<p>Suriye ordusunun ter\u00f6re kar\u015f\u0131 sa\u011flad\u0131\u011f\u0131 ba\u015far\u0131larda Rusya ve \u0130ran\u2019\u0131n deste\u011finin ku\u015fkusuz cevheri bir \u00f6nem ta\u015f\u0131d\u0131\u011f\u0131n\u0131 belirtirken, fakat Suriye ordusunun bu destek olmadan s\u00f6z konusu ba\u015far\u0131lar\u0131 sa\u011flama g\u00fcc\u00fcne sahip olup olmad\u0131\u011f\u0131n\u0131n sanal bir soru oldu\u011funu belirtti.<\/p>\n<p>Bu soruya kimsenin kesin bir cevap vermesinin m\u00fcmk\u00fcn olmad\u0131\u011f\u0131n\u0131 ifade eden el Esad; fakat Suriye&#8217;nin bu deste\u011fe de ihtiyac\u0131 oldu\u011funun kesin oldu\u011funu vurgulad\u0131. El Esad \u00f6yle ki Suriye ordusunun sava\u015ft\u0131\u011f\u0131 ter\u00f6ristlerin d\u00fcnyan\u0131n 80\u2019den fazla devletinden destek ald\u0131klar\u0131na dikkat \u00e7ekerken, bu devletlerin bir k\u0131sm\u0131n\u0131n askeri, bir k\u0131sm\u0131n\u0131n maddi, bir k\u0131sm\u0131n\u0131n da siyasi destek verdiklerini, kimi devletlerin de her t\u00fcm olanaklar\u0131yla destek verdiklerine vurgu yapt\u0131.<\/p>\n<p>Suriye&#8217;nin k\u00fc\u00e7\u00fck bir devlet olmas\u0131na ra\u011fmen sava\u015fma g\u00fcc\u00fcne sahip oldu\u011funu s\u00f6yleyen el Esad; fakat sonu\u00e7 itibar\u0131yla ter\u00f6ristlerin her t\u00fcl\u00fc deste\u011fi s\u0131n\u0131rs\u0131z bir \u015fekilde ald\u0131klar\u0131na dikkat \u00e7ekti.<\/p>\n<p><span style=\"color: #0000ff\">Rusya&#8217;n\u0131n Sivilleri Vurmas\u0131ndan Endi\u015feli Misiniz?<\/span><\/p>\n<p><a href=\"http:\/\/www.sana.sy\/tr\/?attachment_id=62181\" rel=\"attachment wp-att-62181\"><img loading=\"lazy\" decoding=\"async\" class=\"size-medium wp-image-62181 alignright\" src=\"http:\/\/www.sana.sy\/tr\/wp-content\/uploads\/2016\/02\/3-21-300x200.jpg\" alt=\"3\" width=\"300\" height=\"200\" srcset=\"https:\/\/archive.sana.sy\/tr\/wp-content\/uploads\/2016\/02\/3-21-300x200.jpg 300w, https:\/\/archive.sana.sy\/tr\/wp-content\/uploads\/2016\/02\/3-21-150x100.jpg 150w, https:\/\/archive.sana.sy\/tr\/wp-content\/uploads\/2016\/02\/3-21.jpg 660w\" sizes=\"auto, (max-width: 300px) 100vw, 300px\" \/><\/a>ABD\u2019li yetkililerin \u2018Rusya&#8217;n\u0131n Suriye&#8217;de sivilleri bombalad\u0131\u011f\u0131 ve son olarak bir hastaneyi havaya u\u00e7urdu\u011fu\u2019 y\u00f6n\u00fcndeki a\u00e7\u0131klamalar\u0131 konusunda el Esad; Amerikal\u0131lar\u0131n son olarak bu konudan emin olmad\u0131klar\u0131n\u0131 a\u00e7\u0131klad\u0131klar\u0131na dikkat \u00e7ekti. El Esad Amerikal\u0131lar\u0131n birbiriyle \u00e7eli\u015fen a\u00e7\u0131klamalar\u0131na vurgu yaparak hastanenin kim taraf\u0131ndan bombaland\u0131\u011f\u0131 konusunda kimsenin kan\u0131t bulamad\u0131\u011f\u0131n\u0131 s\u00f6yledi.<\/p>\n<p>Sivil kurbanlar konusunda ise el Esad; ku\u015fkusuz her sava\u015fta sivillerin kurban gitti\u011fini bunun da hi\u00e7 \u015f\u00fcphesiz \u00fcz\u00fcc\u00fc ve ac\u0131 veren bir durum oldu\u011funu ifade etti. El Esad fakat Rusya&#8217;n\u0131n ya da Suriye&#8217;nin sivilleri bombalad\u0131\u011f\u0131 y\u00f6n\u00fcndeki su\u00e7lamalar\u0131n hi\u00e7bir asl\u0131 ger\u00e7e\u011fi olmad\u0131\u011f\u0131n\u0131n da alt\u0131n\u0131 \u00e7izdi. Rus hava g\u00fc\u00e7leri ve Suriye ordusunun operasyonlar\u0131nda olduk\u00e7a hassas ve dakik olduklar\u0131n\u0131 belirten el Esad; sivilleri hedef ald\u0131klar\u0131 y\u00f6n\u00fcnde \u015fu ana dek hi\u00e7bir kan\u0131t\u0131n bulunmad\u0131\u011f\u0131n\u0131n alt\u0131n\u0131 \u00e7izdi.<\/p>\n<p><span style=\"color: #0000ff\">T\u00fcrkiye ve Suudi Arabistan Asker G\u00f6nderirse Nas\u0131l Kar\u015f\u0131l\u0131k Vereceksiniz<\/span><\/p>\n<p>T\u00fcrkiye ve Suudi Arabistan rejimlerinin yapt\u0131klar\u0131 a\u00e7\u0131klamalar \u00fczerine Suriye&#8217;ye kara g\u00fc\u00e7leri g\u00f6ndermeleri durumunda Suriye&#8217;nin nas\u0131l bir tavr\u0131 olaca\u011f\u0131 sorusuna cevab\u0131nda el Esad; t\u00fcm bu a\u00e7\u0131klamalar\u0131n \u015fu ana dek iddialardan ibaret oldu\u011funu ifade etti.<\/p>\n<p>El Esad fakat bunun olmas\u0131 ve Suriye&#8217;ye karadan m\u00fcdahalede bulunmalar\u0131 halinde Suriye&#8217;nin ter\u00f6ristlere kar\u015f\u0131 bulundu\u011fu muamelenin ayn\u0131s\u0131n\u0131 g\u00f6receklerini belirtti. Ne T\u00fcrkiye ne Suudi Arabistan ne de hi\u00e7 kimsenin Suriye&#8217;nin onay\u0131 olmaks\u0131z\u0131n Suriye topraklar\u0131na asker g\u00f6nderme hakk\u0131na sahip olmad\u0131\u011f\u0131n\u0131 vurgulayan el Esad, b\u00f6yle bir durumda me\u015fru ve yasal bir hak olarak Suriye&#8217;nin kendini t\u00fcm olanaklar\u0131yla savunaca\u011f\u0131n\u0131n alt\u0131n\u0131 \u00e7izdi.<\/p>\n<p><span style=\"color: #0000ff\">T\u00fcrkiye&#8217;nin Hedefi Ayn\u0131d\u0131r<\/span><\/p>\n<p>T\u00fcrkiye&#8217;nin Suriye topraklar\u0131na toplarla sald\u0131rmaya ba\u015flad\u0131\u011f\u0131na ili\u015fkin soruya cevab\u0131nda el Esad; T\u00fcrkiye&#8217;nin ba\u015f\u0131ndan beri krize bula\u015ft\u0131\u011f\u0131n\u0131 belirtti. T\u00fcrkiye&#8217;nin destekledi\u011fi ter\u00f6ristler arac\u0131l\u0131\u011f\u0131 ile planlar\u0131n\u0131 hayata ge\u00e7irmeye \u00e7al\u0131\u015ft\u0131\u011f\u0131na dikkat \u00e7eken el Esad; bu ter\u00f6ristlerin hezimete u\u011frat\u0131lmalar\u0131 ard\u0131ndan kendisinin top ate\u015fiyle sald\u0131rmaya ba\u015flad\u0131\u011f\u0131n\u0131, planlar\u0131n\u0131 hayata ge\u00e7irmek i\u00e7in muhtelif yollara ba\u015fvurdu\u011funu belirtti.<\/p>\n<p><span style=\"color: #0000ff\">\u2018Silahl\u0131 Muhaliflerden\u2019 Herhangi Bir Taraf\u0131 Kabul Ediyor Musunuz?<\/span><\/p>\n<p><a href=\"http:\/\/www.sana.sy\/tr\/?attachment_id=62182\" rel=\"attachment wp-att-62182\"><img loading=\"lazy\" decoding=\"async\" class=\"size-medium wp-image-62182 alignright\" src=\"http:\/\/www.sana.sy\/tr\/wp-content\/uploads\/2016\/02\/5-14-300x200.jpg\" alt=\"5\" width=\"300\" height=\"200\" srcset=\"https:\/\/archive.sana.sy\/tr\/wp-content\/uploads\/2016\/02\/5-14-300x200.jpg 300w, https:\/\/archive.sana.sy\/tr\/wp-content\/uploads\/2016\/02\/5-14-150x100.jpg 150w, https:\/\/archive.sana.sy\/tr\/wp-content\/uploads\/2016\/02\/5-14.jpg 660w\" sizes=\"auto, (max-width: 300px) 100vw, 300px\" \/><\/a>Suriye&#8217;nin \u2018silahl\u0131 muhalefet\u2019 gruplar\u0131ndan herhangi birini kabul edip etmedi\u011fi ve onunla diyaloga girip girmeyece\u011fine ili\u015fkin soruya cevab\u0131nda el Esad; anayasa ve kanunlar \u00e7er\u00e7evesinde h\u00fck\u00fcmete ve halka kar\u015f\u0131 silah ta\u015f\u0131yan herkesin ter\u00f6rist oldu\u011funu belirtti. H\u00fck\u00fcmete ve halka kar\u015f\u0131 silah ta\u015f\u0131yan\u0131n d\u00fcnyan\u0131n her yerinde ter\u00f6rist olarak nitelendirildi\u011fini belirten el Esad; fakat Suriye&#8217;de bunlar\u0131n silahlar\u0131n\u0131 b\u0131rak\u0131p siyasi s\u00fcrece kat\u0131lmalar\u0131 halinde ter\u00f6rist s\u0131fat\u0131ndan \u00e7\u0131kabileceklerini ifade etti.<\/p>\n<p>El Esad d\u00fcnyan\u0131n her \u00fclkesinde gerek anayasa, gerek h\u00fck\u00fcmet ya da ne olursa olsun silahla de\u011fil de, siyasi s\u00fcre\u00e7le de\u011fi\u015ftirilmesi gerekti\u011fini s\u00f6yledi.<\/p>\n<p>Silahl\u0131lar\u0131n bir\u00e7o\u011funun son olarak silahlar\u0131n\u0131 teslim ettiklerini ya da Suriye ordusu ile ayn\u0131 safta I\u015e\u0130D\u2019e kar\u015f\u0131 sava\u015ft\u0131klar\u0131na dikkat \u00e7eken el Esad; bunlar\u0131n da Rus ve Suriye hava g\u00fc\u00e7leri arac\u0131l\u0131\u011f\u0131 ile havadan destek ald\u0131klar\u0131na vurgu yapt\u0131.<\/p>\n<p><span style=\"color: #0000ff\">O Zaman Cenevre&#8217;de Kimlerle Diyalog G\u00f6r\u00fc\u015fmeleri Olacak?<\/span><\/p>\n<p>Halka ve h\u00fck\u00fcmete kar\u015f\u0131 silah ta\u015f\u0131yan herkesin ter\u00f6rist say\u0131lmas\u0131yla Suriye devletinin Cenevre&#8217;de olacak diyalog g\u00f6r\u00fc\u015fmelerinde kimlerle masaya oturaca\u011f\u0131 sorusuna cevab\u0131nda el Esad; Cenevre III g\u00f6r\u00fc\u015fmelerine gidenlerin \u00f6nemli bir k\u0131sm\u0131n\u0131n yurtd\u0131\u015f\u0131nda yabanc\u0131 g\u00fc\u00e7ler taraf\u0131ndan te\u015fkil edilen s\u00f6zde muhalifler ve radikal ter\u00f6ristlerden ibaret olduklar\u0131n\u0131 s\u00f6yledi.<\/p>\n<p>G\u00f6r\u00fc\u015fmelerin de bu y\u00fczden ba\u015far\u0131l\u0131 olmad\u0131\u011f\u0131n\u0131 ifade eden el Esad; Suriye&#8217;nin gerek yurtd\u0131\u015f\u0131nda gerekse yurti\u00e7inde olmalar\u0131n\u0131 dikkate almadan Suriye ve halk\u0131n\u0131n \u00e7\u0131karlar\u0131na sahip \u00e7\u0131kan ulusalc\u0131larla g\u00f6r\u00fc\u015fmelere oturaca\u011f\u0131n\u0131 vurgulad\u0131.<\/p>\n<p><span style=\"color: #0000ff\">Kriz \u00d6ncesinde Hapiste Bulunan Muhalefet Liderleri Ne Olacak?<\/span><\/p>\n<p>Suriye&#8217;de olaylar\u0131n ba\u015flamas\u0131ndan \u00f6nce cezaevlerinde bulunan muhalefet liderlerinin ne olaca\u011f\u0131 sorusuna cevab\u0131nda el Esad; bunlar\u0131n istisnas\u0131z t\u00fcm\u00fcn\u00fcn uzun s\u00fcre \u00f6nce cezaevlerinden \u00e7\u0131kt\u0131klar\u0131n\u0131 ve \u015fu anki muhalefetin bir par\u00e7as\u0131 olduklar\u0131n\u0131 s\u00f6yledi.<\/p>\n<p>El Esad t\u00fcm bunlar\u0131n 2010 y\u0131l\u0131ndan \u00f6nce cezaevlerinde \u00e7\u0131kt\u0131klar\u0131n\u0131, ter\u00f6r su\u00e7undan cezaevlerine girip \u00e7\u0131kanlar\u0131n bir k\u0131sm\u0131n\u0131n da \u015fu an yine ter\u00f6r \u00f6rg\u00fctlerin saflar\u0131nda bulunduklar\u0131n\u0131 belirtti.<\/p>\n<p>Bu konuda kan\u0131t\u0131n olup olmad\u0131\u011f\u0131na ili\u015fkin soruya cevab\u0131nda el Esad; son olarak \u00f6ld\u00fcr\u00fclen ter\u00f6r komutan\u0131 Zehran Allu\u015f\u2019un Kaide \u00d6rg\u00fct\u00fcne tabi olmakla hapse girdi\u011fini s\u00f6yledi. El Esad hapisten \u00e7\u0131kmas\u0131 ard\u0131ndan da bir ter\u00f6r grubu olu\u015fturdu\u011funu s\u00f6yledi.<\/p>\n<p><span style=\"color: #0000ff\">Yabanc\u0131 Ter\u00f6ristler Ordunun Eline Ge\u00e7erse Ne Olacak?<\/span><\/p>\n<p><a href=\"http:\/\/www.sana.sy\/tr\/?attachment_id=62183\" rel=\"attachment wp-att-62183\"><img loading=\"lazy\" decoding=\"async\" class=\"size-medium wp-image-62183 alignright\" src=\"http:\/\/www.sana.sy\/tr\/wp-content\/uploads\/2016\/02\/6-13-300x200.jpg\" alt=\"6\" width=\"300\" height=\"200\" srcset=\"https:\/\/archive.sana.sy\/tr\/wp-content\/uploads\/2016\/02\/6-13-300x200.jpg 300w, https:\/\/archive.sana.sy\/tr\/wp-content\/uploads\/2016\/02\/6-13-150x100.jpg 150w, https:\/\/archive.sana.sy\/tr\/wp-content\/uploads\/2016\/02\/6-13.jpg 660w\" sizes=\"auto, (max-width: 300px) 100vw, 300px\" \/><\/a>Suriye&#8217;de binlerce yabanc\u0131 ter\u00f6ristin bulundu\u011fu ve bunlar\u0131n Suriye ordusunun eline ge\u00e7meleri halinde ne olaca\u011f\u0131na ili\u015fkin soruya cevab\u0131nda el Esad; Suriye&#8217;nin ter\u00f6re kar\u015f\u0131 sava\u015f\u0131nda ter\u00f6ristlerin uyruklar\u0131 aras\u0131nda hi\u00e7bir fark g\u00f6zetmedi\u011fini belirtti.<\/p>\n<p>El Esad bu ter\u00f6ristlerin kendi devletlerine teslim edilmeleri konusunda ise bunun Suriye ile o devlet aras\u0131ndaki ili\u015fkilere ba\u011fl\u0131 oldu\u011funu ifade etti.<\/p>\n<p><span style=\"color: #0000ff\">Yabanc\u0131 Ter\u00f6ristleri Suriye&#8217;ye Cezbeden Nedir?<\/span><\/p>\n<p>Yabanc\u0131 ter\u00f6ristleri Suriye&#8217;ye bu denli cezp edenin ne oldu\u011fu sorusuna cevab\u0131nda ise el Esad; temel olarak ald\u0131klar\u0131 destek oldu\u011funu belirtti.<\/p>\n<p>El Esad Suudi Arabistan ve daha ba\u015fka devletlerin bu ter\u00f6ristlere temin ettikleri para miktar\u0131n\u0131n yan\u0131 s\u0131ra T\u00fcrkiye rejiminin sa\u011flad\u0131\u011f\u0131 kolayl\u0131klara \u0131\u015f\u0131k tuttu.<\/p>\n<p>Bir di\u011fer nedenin ise yarat\u0131lan kaos ortam\u0131 oldu\u011funu belirten el Esad; \u00fc\u00e7\u00fcnc\u00fc nedenin ise geneli Kaide tabanl\u0131 olmalar\u0131yla ideolojik neden oldu\u011funu belirtti. El Esad Suriye&#8217;nin de kutsal bir mekana sahip oldu\u011funa vurgu yapt\u0131.<\/p>\n<p>El Esad fakat sonu\u00e7 itibar\u0131yla t\u00fcm bu ter\u00f6ristlerin Suriye&#8217;den \u00f6teye yay\u0131lacaklar\u0131n\u0131, kendi tabirleriyle \u0130slami devletlerini geni\u015fletmeye \u00e7al\u0131\u015facaklar\u0131n\u0131 ifade etti.<\/p>\n<p><span style=\"color: #0000ff\">Suriye&#8217;nin Tamam\u0131 Kontrole Al\u0131nd\u0131\u011f\u0131nda Ne Yapmay\u0131 D\u00fc\u015f\u00fcn\u00fcyorsunuz?<\/span><\/p>\n<p>Suriye topraklar\u0131n\u0131n tamam\u0131n\u0131n ter\u00f6rden temizlenip kontrole al\u0131nmas\u0131 halinde siyasi s\u00fcrece haz\u0131r olup olmad\u0131\u011f\u0131na ili\u015fkin soruya cevab\u0131nda el Esad; ku\u015fkusuz olarak se\u00e7imlerin olaca\u011f\u0131n\u0131, istisnas\u0131z t\u00fcm siyasi partilerin kat\u0131l\u0131m\u0131yla ulusal bir h\u00fck\u00fcmetin te\u015fkil edilece\u011fini belirtti.<\/p>\n<p>Bu s\u00fcre\u00e7 i\u00e7inde yeni bir anayasan\u0131n da olabilece\u011fini ifade eden el Esad; bunun da t\u00fcm siyasi parti ve ak\u0131mlarla ortakla\u015fa olaca\u011f\u0131n\u0131 ifade etti. El Esad yeni anayasa ile de y\u00f6netim dahil her \u015feyin de\u011fi\u015ftirilebilece\u011fini ya da yeniden d\u00fczenlenece\u011fini ifade ederken, her \u015feyin halk\u0131n oylamas\u0131na sunulacak anayasaya ba\u011fl\u0131 oldu\u011funun alt\u0131n\u0131 \u00e7izdi.<\/p>\n<p><span style=\"color: #0000ff\">10 Y\u0131l Sonra Kendinizi Nerede G\u00f6r\u00fcyorsunuz?<\/span><\/p>\n<p><a href=\"http:\/\/www.sana.sy\/tr\/?attachment_id=62184\" rel=\"attachment wp-att-62184\"><img loading=\"lazy\" decoding=\"async\" class=\"size-medium wp-image-62184 alignright\" src=\"http:\/\/www.sana.sy\/tr\/wp-content\/uploads\/2016\/02\/7-8-300x200.jpg\" alt=\"7\" width=\"300\" height=\"200\" srcset=\"https:\/\/archive.sana.sy\/tr\/wp-content\/uploads\/2016\/02\/7-8-300x200.jpg 300w, https:\/\/archive.sana.sy\/tr\/wp-content\/uploads\/2016\/02\/7-8-150x100.jpg 150w, https:\/\/archive.sana.sy\/tr\/wp-content\/uploads\/2016\/02\/7-8.jpg 660w\" sizes=\"auto, (max-width: 300px) 100vw, 300px\" \/><\/a>10 y\u0131l sonra kendisinin nerede olabilece\u011fi konusundaki d\u00fc\u015f\u00fcncelerine ili\u015fkin bir soruya cevab\u0131nda el Esad; kendisinden ziyade as\u0131l Suriye&#8217;yi nerede g\u00f6rd\u00fc\u011f\u00fc sorusunun daha mant\u0131kl\u0131 olaca\u011f\u0131n\u0131 ifade etti.<\/p>\n<p>El Esad 10 y\u0131l sonra Suriye&#8217;nin kurtulmu\u015f oldu\u011funu g\u00f6rmek istedi\u011fini, kendisinin cumhurba\u015fkan\u0131 olup olmamas\u0131n\u0131n da kendisi a\u00e7\u0131s\u0131ndan \u00f6nem ta\u015f\u0131mad\u0131\u011f\u0131n\u0131 belirtti. El Esad g\u00f6revinde oldu\u011fu s\u00fcre i\u00e7inde vatan\u0131n\u0131 savunmas\u0131n\u0131n insani, ahlaki ve kanuni bir vacip oldu\u011funa i\u015faret etti.<\/p>\n<p>10 y\u0131l sonra y\u00f6netimde olup olmayaca\u011f\u0131na ili\u015fkin soruya cevab\u0131nda ise el Esad; bunun kendisi a\u00e7\u0131s\u0131ndan bir hedef olmad\u0131\u011f\u0131n\u0131 belirtti. El Esad sonu\u00e7 itibar\u0131yla kimin y\u00f6netimde kalaca\u011f\u0131n\u0131 ya da kendisinin cumhurba\u015fkan\u0131 olarak kal\u0131p kalmayaca\u011f\u0131na karar verecek yegane taraf\u0131n Suriye halk\u0131 oldu\u011funun alt\u0131n\u0131 \u00e7izdi.<\/p>\n<p><span style=\"color: #0000ff\">BM \u0130nsan Haklar\u0131 Raporu Konusunda Ne D\u00fc\u015f\u00fcn\u00fcyorsunuz?<\/span><\/p>\n<p>Suriye&#8217;de\u2019 cezaevlerinde insanlar\u0131n i\u015fkence alt\u0131nda \u00f6ld\u00fcklerini ifade eden BM insan haklar\u0131 raporuna\u2019 ili\u015fkin d\u00fc\u015f\u00fcnceleri konusunda soruya cevab\u0131nda el Esad; bunun birka\u00e7 y\u0131l \u00f6nce Katar\u2019\u0131n sahte g\u00f6r\u00fcnt\u00fclerle \u00e7arp\u0131tt\u0131\u011f\u0131 rapora dayand\u0131\u011f\u0131n\u0131 belirtti.<\/p>\n<p>El Esad Suriye&#8217;ye y\u00f6nelik y\u00fcr\u00fct\u00fclen medya propagandas\u0131na dikkat \u00e7ekerken; bu gibi raporlarda kullan\u0131lan kaynaklar, bilgilerin yada g\u00f6r\u00fcnt\u00fclerin do\u011frulu\u011funun soru\u015fturulmad\u0131\u011f\u0131na vurgu yapt\u0131.<\/p>\n<p><span style=\"color: #0000ff\">K\u00fcrt \u00c7ocu\u011fun G\u00f6r\u00fcnt\u00fcs\u00fc D\u00fcnyay\u0131 \u015eoke Etti, Siz Ne Hissettiniz?<\/span><\/p>\n<p>Denizde bo\u011fularak \u00f6len Suriyeli K\u00fcrt m\u00fclteci \u00e7ocu\u011fa ait g\u00f6r\u00fcnt\u00fcn\u00fcn d\u00fcnyay\u0131 \u015foke etti\u011fini, kendisinin ise ne hissetti\u011fine ili\u015fkin soruya cevab\u0131nda el Esad; Suriye&#8217;deki \u00e7at\u0131\u015fmalarda en ac\u0131 durumun bu oldu\u011funu s\u00f6yledi. El Esad Suriyelilerin muhtelif nedenlerden evlerini ve yurtlar\u0131n\u0131 terk etmelerine itilmelerinin ac\u0131 verici bir durum oldu\u011funu belirtti. Fakat as\u0131l sorulmas\u0131 gereken sorunun \u015foke oldu\u011funu iddia eden d\u00fcnyan\u0131n Suriyeli m\u00fcltecilerin evlerine d\u00f6nmeleri ya da evlerini terk etmemeleri i\u00e7in ne yapt\u0131klar\u0131 sorusu oldu\u011funu belirten el Esad; medya propagandas\u0131ndan ziyade prati\u011fin \u00f6nem ta\u015f\u0131d\u0131\u011f\u0131n\u0131 vurgulad\u0131.<\/p>\n<p>S\u00f6zlerine devam eden el Esad; Suriyelilerin evlerini ve yurtlar\u0131n\u0131 terk etmelerinin temel nedeninin ter\u00f6r ve ekonomik yapt\u0131r\u0131mlar oldu\u011funa bir kez daha dikkat \u00e7ekerken, bunlar\u0131n da kimler taraf\u0131ndan desteklendi\u011finin de g\u00fcn\u00fcm\u00fczde herkes taraf\u0131ndan bilindi\u011fini s\u00f6yledi.<\/p>\n<p><span style=\"color: #0000ff\">Ter\u00f6rden De\u011fil de Devletten Ka\u00e7t\u0131klar\u0131n\u0131 \u0130ddia Edenler Konusunda Ne Diyorsunuz?<\/span><\/p>\n<p><a href=\"http:\/\/www.sana.sy\/tr\/?attachment_id=62185\" rel=\"attachment wp-att-62185\"><img loading=\"lazy\" decoding=\"async\" class=\"size-medium wp-image-62185 alignright\" src=\"http:\/\/www.sana.sy\/tr\/wp-content\/uploads\/2016\/02\/8-6-300x200.jpg\" alt=\"8\" width=\"300\" height=\"200\" srcset=\"https:\/\/archive.sana.sy\/tr\/wp-content\/uploads\/2016\/02\/8-6-300x200.jpg 300w, https:\/\/archive.sana.sy\/tr\/wp-content\/uploads\/2016\/02\/8-6-150x100.jpg 150w, https:\/\/archive.sana.sy\/tr\/wp-content\/uploads\/2016\/02\/8-6.jpg 660w\" sizes=\"auto, (max-width: 300px) 100vw, 300px\" \/><\/a>M\u00fcltecilerin bir k\u0131sm\u0131n\u0131n I\u015e\u0130D ya da di\u011fer ter\u00f6r \u00f6rg\u00fctlerinden de\u011fil de devletten ka\u00e7t\u0131klar\u0131n\u0131 iddia etmeleri konusunda bir soruya cevab\u0131nda el Esad; medya ve siyasi propagandadan uzak bir \u015fekilde Suriye&#8217;deki ger\u00e7ek durumlarla kar\u015f\u0131la\u015ft\u0131rma yap\u0131lmas\u0131 gerekti\u011fini belirtti.<\/p>\n<p>El Esad; Suriye&#8217;de ter\u00f6ristlerin bulunduklar\u0131 b\u00f6lgeden ka\u00e7anlar\u0131n \u00e7o\u011funun devletin kontrol\u00fc alt\u0131ndaki b\u00f6lgelere ge\u00e7tiklerine dikkat \u00e7ekti. S\u0131cak b\u00f6lgelerde sivillerin \u00e7at\u0131\u015fmalardan ka\u00e7malar\u0131n\u0131n gayet normal oldu\u011funu ifade eden el Esad; fakat bunun vatanda\u015flar\u0131n devletten ka\u00e7t\u0131klar\u0131 anlam\u0131na gelmedi\u011fini vurgulad\u0131. El Esad bir\u00e7ok b\u00f6lgede ter\u00f6ristlerin ailelerinin bile bir k\u0131sm\u0131n\u0131n devletin kontrol\u00fcndeki b\u00f6lgelere ge\u00e7tikleri ve bu b\u00f6lgelerde g\u00fcnl\u00fck ya\u015famlar\u0131n\u0131 normal bir \u015fekilde s\u00fcrd\u00fcrd\u00fcklerinin alt\u0131n\u0131 \u00e7izdi.<\/p>\n<p><span style=\"color: #0000ff\">M\u00fcltecilerin Geri D\u00f6nemleri \u0130\u00e7in Garanti Var M\u0131?<\/span><\/p>\n<p>\u2018Be\u015f milyona yak\u0131n Suriyelinin yurtd\u0131\u015f\u0131na m\u00fclteci gitti\u011fi ve bunlar\u0131n evlerine geri d\u00f6nemleri i\u00e7in haklar\u0131nda herhangi bir intikam ama\u00e7l\u0131 icraat al\u0131nmayaca\u011f\u0131 garantisi olup olmad\u0131\u011f\u0131na\u2019 ili\u015fkin soruya cevab\u0131nda el Esad; her Suriyelinin normal bir \u015fekilde yurduna ve evine d\u00f6nme hakk\u0131n\u0131n garantili oldu\u011funu belirtti. El Esad fakat bunlar\u0131n ter\u00f6rist ya da katil olmamalar\u0131 ko\u015fulunun mevcut oldu\u011funu, bu ba\u011flamda da anayasa ve kanunlar\u0131n karar verece\u011fini ifade etti.<\/p>\n<p>El Esad Suriye&#8217;nin ku\u015fkusuz olarak vatanda\u015flar\u0131n\u0131n deste\u011fine ihtiyac\u0131 oldu\u011funu, bu mant\u0131ktan hareketle vatanda\u015flar\u0131n\u0131 kendisinden uzakla\u015ft\u0131rmaya de\u011fil, yak\u0131nla\u015ft\u0131rmaya \u00e7al\u0131\u015ft\u0131\u011f\u0131n\u0131n bir kez daha alt\u0131n\u0131 \u00e7izdi.<\/p>\n<p><span style=\"color: #0000ff\">Daha Fazla M\u00fclteciyi \u00d6nlemek \u0130\u00e7in Ne Yap\u0131lmal\u0131?<\/span><\/p>\n<p>Daha \u00e7ok Suriyelinin m\u00fclteci olmamas\u0131 i\u00e7in ne yap\u0131labilece\u011fine ili\u015fkin soruya cevab\u0131nda el Esad; m\u00fcltecilerin genelinin ter\u00f6r ve ekonomik yapt\u0131r\u0131mlar\u0131n yol a\u00e7t\u0131\u011f\u0131 zor ko\u015fullar oldu\u011funu bir kez daha vurgulad\u0131.<\/p>\n<p>S\u00f6zlerine devam eden el Esad; m\u00fcltecilere son vermek ve yurtd\u0131\u015f\u0131ndaki m\u00fcltecilerin evlerine d\u00f6n\u00fc\u015flerini garantilemek i\u00e7in yap\u0131lmas\u0131 gereken temel \u015feyin ter\u00f6re son verip g\u00fcvenlik ve istikrar\u0131 sa\u011flamak oldu\u011funu belirtti. EL Esad bunun i\u00e7inde ter\u00f6r\u00fc destekleyen devletlerin her t\u00fcrl\u00fc desteklerini kesmeleri gerekti\u011fine vurgu yapt\u0131.<\/p>\n<p>El Esad devletin de ku\u015fkusuz bu ba\u011flamda \u00fcst\u00fcne d\u00fc\u015fen sorumluluklar bulundu\u011funu ifade ederken, bu sorumluluklar\u0131 m\u00fcmk\u00fcn olan t\u00fcm olanaklarla yerine getirmeye \u00e7al\u0131\u015ft\u0131\u011f\u0131n\u0131 belirtti.<\/p>\n<p><span style=\"color: #0000ff\">Ak\u0131t\u0131lan T\u00fcm Bu Kanlardan Sizin Sorumlu Oldu\u011funuz Konusundaki A\u00e7\u0131klamalara Ne Diyorsunuz?<\/span><\/p>\n<p><a href=\"http:\/\/www.sana.sy\/tr\/?attachment_id=62186\" rel=\"attachment wp-att-62186\"><img loading=\"lazy\" decoding=\"async\" class=\"size-medium wp-image-62186 alignright\" src=\"http:\/\/www.sana.sy\/tr\/wp-content\/uploads\/2016\/02\/9-6-300x155.jpg\" alt=\"9\" width=\"300\" height=\"155\" srcset=\"https:\/\/archive.sana.sy\/tr\/wp-content\/uploads\/2016\/02\/9-6-300x155.jpg 300w, https:\/\/archive.sana.sy\/tr\/wp-content\/uploads\/2016\/02\/9-6-150x78.jpg 150w, https:\/\/archive.sana.sy\/tr\/wp-content\/uploads\/2016\/02\/9-6.jpg 600w\" sizes=\"auto, (max-width: 300px) 100vw, 300px\" \/><\/a>Ba\u015fta ABD olmak \u00fczere kimi devletler ve muhaliflerin \u2018kendisinin ba\u015ftan beri g\u00f6revinden \u00e7ekilmeyi kabul etmesi halinde t\u00fcm bu kanlar\u0131n ak\u0131t\u0131lm\u0131\u015f olmayaca\u011f\u0131\u2019 y\u00f6n\u00fcndeki a\u00e7\u0131klamalara ili\u015fkin soruya cevab\u0131nda el Esad; krizin gidi\u015fat\u0131 ve g\u00fcn\u00fcm\u00fczde netle\u015fen bir\u00e7ok meselenin Suriye&#8217;deki olaylar\u0131n ve ter\u00f6r\u00fcn kendisiyle ilgili olmad\u0131\u011f\u0131n\u0131 net bir \u015fekilde ortaya koydu\u011funu belirtti.<\/p>\n<p>El Esad Suudi Arabistan, Katar, T\u00fcrkiye ve daha bir\u00e7ok devletin radikal ter\u00f6re desteklerinin bir\u00e7ok meseleyi ayd\u0131nlatt\u0131\u011f\u0131n\u0131 s\u00f6yledi. Suriye&#8217;ye y\u00f6nelik sava\u015fta iddia edilen insan haklar\u0131, demokrasi ve benzeri iddialar\u0131n izole edildi\u011fini belirten el Esad; \u00f6zellikle Bat\u0131l\u0131 devletlerin bu iddialardan kastlar\u0131, daha \u00f6nce muhtelif devletlerde ya\u015fanan \u00f6rneklerin ger\u00e7ekleri de\u015fifre etti\u011fini belirtti.<\/p>\n<p>https:\/\/www.youtube.com\/watch?v=MNLY5rbjarA<\/p>\n<p>R.H.<\/p>\n","protected":false},"excerpt":{"rendered":"<p>\u015eAM \u2013 Cumhurba\u015fkan\u0131 Be\u015f\u015far el Esad \u0130spanyol el Pais Gazetesine verdi\u011fi r\u00f6portajda; Suriye&#8217;deki durumlar ve krizin \u00e7\u00f6z\u00fcm\u00fc y\u00f6n\u00fcndeki son geli\u015fmelere \u0131\u015f\u0131k tuttu. \u0130nsani Yard\u0131mlar\u0131 Devlet De\u011fil, Ter\u00f6ristler Engelliyor Devletin son zamanlarda \u2018abluka alt\u0131nda\u2019 bulunan b\u00f6lgelere insani yard\u0131mlar\u0131n ge\u00e7mesine izin verdi\u011fi ve bunun devam edip etmeyece\u011fine ili\u015fkin soruya cevab\u0131nda el Esad; Suriye devletinin sadece son zamanlarda &hellip;<\/p>\n","protected":false},"author":1,"featured_media":62173,"comment_status":"closed","ping_status":"closed","sticky":false,"template":"","format":"standard","meta":{"footnotes":""},"categories":[479,611,605,2554,2555,478],"tags":[],"class_list":["post-62171","post","type-post","status-publish","format-standard","has-post-thumbnail","","category-haberler-yerel","category-roportaj","category-sayin-cumhurbaskani","category-suriye-ve-dunya","category-suriye-ve-turkiye","category-yerel"],"_links":{"self":[{"href":"https:\/\/archive.sana.sy\/tr\/index.php?rest_route=\/wp\/v2\/posts\/62171","targetHints":{"allow":["GET"]}}],"collection":[{"href":"https:\/\/archive.sana.sy\/tr\/index.php?rest_route=\/wp\/v2\/posts"}],"about":[{"href":"https:\/\/archive.sana.sy\/tr\/index.php?rest_route=\/wp\/v2\/types\/post"}],"author":[{"embeddable":true,"href":"https:\/\/archive.sana.sy\/tr\/index.php?rest_route=\/wp\/v2\/users\/1"}],"replies":[{"embeddable":true,"href":"https:\/\/archive.sana.sy\/tr\/index.php?rest_route=%2Fwp%2Fv2%2Fcomments&post=62171"}],"version-history":[{"count":0,"href":"https:\/\/archive.sana.sy\/tr\/index.php?rest_route=\/wp\/v2\/posts\/62171\/revisions"}],"wp:featuredmedia":[{"embeddable":true,"href":"https:\/\/archive.sana.sy\/tr\/index.php?rest_route=\/wp\/v2\/media\/62173"}],"wp:attachment":[{"href":"https:\/\/archive.sana.sy\/tr\/index.php?rest_route=%2Fwp%2Fv2%2Fmedia&parent=62171"}],"wp:term":[{"taxonomy":"category","embeddable":true,"href":"https:\/\/archive.sana.sy\/tr\/index.php?rest_route=%2Fwp%2Fv2%2Fcategories&post=62171"},{"taxonomy":"post_tag","embeddable":true,"href":"https:\/\/archive.sana.sy\/tr\/index.php?rest_route=%2Fwp%2Fv2%2Ftags&post=62171"}],"curies":[{"name":"wp","href":"https:\/\/api.w.org\/{rel}","templated":true}]}}