{"id":6218,"date":"2014-07-31T22:35:12","date_gmt":"2014-07-31T19:35:12","guid":{"rendered":"http:\/\/www.sana.sy\/tr\/?p=6218"},"modified":"2014-08-01T19:23:51","modified_gmt":"2014-08-01T16:23:51","slug":"silahli-terorist-gruplarinin-agir-kayiplari-suruyor","status":"publish","type":"post","link":"https:\/\/archive.sana.sy\/tr\/?p=6218","title":{"rendered":"Silahl\u0131 Ter\u00f6rist Gruplar\u0131n\u0131n A\u011f\u0131r Kay\u0131plar\u0131 S\u00fcr\u00fcyor"},"content":{"rendered":"<p>\u0130LLER \u2013 Ordu ve silahl\u0131 kuvvetlere tabi kahraman birliklerimizin ter\u00f6re kar\u015f\u0131 sava\u015f\u0131 ba\u015far\u0131larla s\u00fcr\u00fcyor. Bir\u00e7ok b\u00f6lgede ter\u00f6ristler b\u00fcy\u00fck kay\u0131plar verirken su\u00e7 edatlar\u0131 da imha edildi.<\/p>\n<p><span style=\"color: #0000ff\">Hama K\u0131rsal\u0131nda Askeri Kontrol Noktalar\u0131na Sald\u0131r\u0131 Giri\u015fimleri \u00c7\u00f6kertildi<\/span><\/p>\n<p>Ordu birliklerimiz Hama k\u0131rsal\u0131 Kefar Zitta Beldesinde ter\u00f6rist gruplar\u0131 eleba\u015flar\u0131na tabi bir h\u00fccreyi hedef almas\u0131 sonucunda \u00e7ok say\u0131da ter\u00f6risti \u00f6l\u00fc ve yaral\u0131 d\u00fc\u015f\u00fcrd\u00fc.<\/p>\n<p>Askeri kaynak, \u00f6len ter\u00f6ristler aras\u0131nda Mustafa Arafat, Mahmut el Bek, Macit el Arac ve \u0130brahim Halil\u2019in kimliklerinin belirlendi\u011fini s\u00f6yledi.<\/p>\n<p>Zour Ebi Zeyd, T\u0131ybat el \u0130mam ve Hattab b\u00f6lgelerinde \u00e7ok say\u0131da ter\u00f6risti \u00f6ld\u00fcrd\u00fcklerini, di\u011fer birliklerimizn de Hama \u2013 Maharde &#8211; el Gap yolunda askeri kontrol noktalar\u0131na sald\u0131r\u0131 giri\u015fiminde bulunan ter\u00f6rist gruplarla \u00e7at\u0131\u015fmalar\u0131nda \u00e7ok say\u0131da eleman\u0131 \u00f6ld\u00fcrd\u00fc\u011f\u00fcn\u00fc iki z\u0131rhl\u0131 ara\u00e7lar\u0131n\u0131 ve muhtelif t\u00fcr silahlar\u0131n\u0131 da imha ettiklerini s\u00f6yledi.<\/p>\n<p><span style=\"color: #0000ff\">\u015eam K\u0131rsal\u0131nda Ter\u00f6r H\u00fccreleri Hedef Al\u0131nd\u0131 \u00c7ok Say\u0131da Ter\u00f6rist \u00d6ld\u00fcr\u00fcld\u00fc<\/span><\/p>\n<p>Askeri kaynak SANA\u2019ya a\u00e7\u0131klamas\u0131nda, kahraman birliklerimizin \u015eam K\u0131rsal\u0131 Mu\u011fr el Mir, \u015eeyh Abdullah ve Han el \u015eih \u00c7iftliklerinde ter\u00f6ristlerin toplanma merkezlerini hedef ald\u0131klar\u0131n\u0131 \u00e7ok say\u0131da ter\u00f6risti \u00f6l\u00fc ve yaral\u0131 d\u00fc\u015f\u00fcrd\u00fcklerini belirtti.<\/p>\n<p><span style=\"color: #0000ff\">Halep ve K\u0131rsal\u0131nda Ter\u00f6ristlerin Z\u0131rhl\u0131 Ara\u00e7lar\u0131n\u0131 \u0130mha Etti<\/span><\/p>\n<p>Ordu birliklerimiz Halep ve k\u0131rsal\u0131n\u0131n baz\u0131 b\u00f6lgelerinde ter\u00f6re y\u00f6nelik d\u00fczenledi\u011fi operasyonlar sonucunda \u00e7ok say\u0131da ter\u00f6rist \u00f6l\u00fc ve yaral\u0131 d\u00fc\u015f\u00fcr\u00fcld\u00fc, ellerinde bulunan \u00e7ok say\u0131da ara\u00e7 ve z\u0131rhl\u0131 ara\u00e7lar\u0131 imha etti.<br \/>\nAskeri kaynak, ordu birliklerimizin Be\u015finci Ra\u015fidiye, Han el Asel, Rabia, Hour ve Babis\u2019te ter\u00f6ristlere ait ara\u00e7lar\u0131 hedef ald\u0131klar\u0131n\u0131 belirterek i\u00e7indeki ter\u00f6ristlerle birlikte \u00e7ok say\u0131da arac\u0131 imha ettiklerini s\u00f6yledi.<br \/>\nDeyr Hafer, Handarat, Kefar Naha, Merce, Maadi, Daret Ezza, \u015eaar, Eski Halep, Kale \u00c7evresi ve Havabi el Asel\u2019de de \u00e7ok say\u0131da ter\u00f6rist \u00f6l\u00fc ve yaral\u0131 d\u00fc\u015f\u00fcr\u00fcld\u00fc.<\/p>\n<p><span style=\"color: #0000ff\">\u0130dlib ve K\u0131rsal\u0131n\u0131n Belde ve Semtlerinde Ter\u00f6ristler A\u011f\u0131r Kay\u0131plara U\u011frat\u0131ld\u0131<\/span><\/p>\n<p>Kahraman ordu birliklerimiz \u0130dlib ve k\u0131rsal\u0131n\u0131n baz\u0131 Belde ve semtlerinde ter\u00f6ristlere y\u00f6nelik d\u00fczenledi\u011fi operasyonlarda \u00e7ok say\u0131da ter\u00f6risti \u00f6l\u00fc ve yaral\u0131 d\u00fc\u015f\u00fcrd\u00fc.<\/p>\n<p>Askeri kaynak, ordu birliklerimizin \u0130dlib \u00e7evresi, Buveydi, Gen\u00e7lik kamp\u0131 \u00e7evresi, Kar el Gazal, hamidiye, Ebu el Duhur, ve Nahile Beldesi yak\u0131nlar\u0131nda ter\u00f6ristlerin toplanma yerlerini hedef almas\u0131 sonucunda \u00e7ok say\u0131da ter\u00f6risti \u00f6ld\u00fcrd\u00fcklerini ifade etti.<\/p>\n<p><span style=\"color: #0000ff\">Homs K\u0131rsal\u0131nda \u00c7ok Say\u0131da Ter\u00f6rist \u00d6ld\u00fcr\u00fcld\u00fc<\/span><\/p>\n<p>Ordu birliklerimiz Homs do\u011fu k\u0131rsal\u0131n\u0131n selam \u015earki, Ar\u015fune ve Um Sahric b\u00f6lgelerinde ter\u00f6ristlerin toplanma yerlerini hedef alarak \u00e7ok say\u0131da ter\u00f6risti \u00f6l\u00fc ve yaral\u0131 d\u00fc\u015f\u00fcrd\u00fc Um \u015eer\u015fuh K\u00f6y\u00fcnde a\u011f\u0131r taramal\u0131 silahla donat\u0131lm\u0131\u015f bir ara\u00e7lar\u0131n\u0131 da imha etti.<\/p>\n<p>Askeri kaynak, ordu birliklerimizin Tedmur k\u0131rsal\u0131 105 kuyusunun kuzeyi, Cebel \u015eair depolar\u0131n\u0131n kuzeyi, Amiriye, Teldev ve Nas\u0131riye Semtlerinde ter\u00f6rist gruplar\u0131 hedef alarak \u00e7ok say\u0131da ter\u00f6risti \u00f6l\u00fc ve yaral\u0131 d\u00fc\u015f\u00fcrd\u00fcklerini, Rahum K\u00f6y\u00fcnden Mekser el Hisan K\u00f6y\u00fcne do\u011fru s\u0131zmaya \u00e7al\u0131\u015fan bir ter\u00f6rist grubu \u00e7\u00f6kerterek baz\u0131 elemanlar\u0131n\u0131 \u00f6l\u00fc ve yaral\u0131 d\u00fc\u015f\u00fcrd\u00fc\u011f\u00fcn\u00fc s\u00f6yledi.<\/p>\n<p><span style=\"color: #0000ff\">Dera ve K\u0131rsal\u0131nda \u00c7ok Say\u0131da Ter\u00f6rist Ara\u00e7lar\u0131yla Etkisiz Hale Getirildi<\/span><\/p>\n<p>Kahraman birliklerimiz Dera ve k\u0131rsal\u0131n\u0131n muhtelif b\u00f6lgelerinde \u00e7ok say\u0131da ter\u00f6risti \u00f6ld\u00fcrerek ara\u00e7 ve silahlar\u0131n\u0131 imha etti.<br \/>\nKaynak, ordu birliklerimizin Dera Beled Yermuk Okulu do\u011fusu, PTT binas\u0131 \u00e7evresi, Teknik Enstit\u00fc ve Abbasiye Semtinde ter\u00f6ristlerle \u00e7at\u0131\u015fmalar\u0131nda \u00e7ok say\u0131da ter\u00f6ristin \u00f6l\u00fc ve yaral\u0131 d\u00fc\u015f\u00fcr\u00fcld\u00fc\u011f\u00fcn\u00fc s\u00f6yledi.<\/p>\n<p>Kaynak, Dera kent k\u0131rsal\u0131n\u0131n Lucat B\u00f6lgesi Hurbat el Sihr, Semlin Beldesi kuzeybat\u0131 taraf\u0131, Anhel Beldesi \u00d6meri Camii yak\u0131nlar\u0131, Atman Beldesi e\u015f Esved Camiinin kuzeyi, Dael, Busra el \u015eam Kentinin do\u011fu semti ve Um el Meyazin beldesi kav\u015fa\u011f\u0131nda silahl\u0131 ter\u00f6rist gruplar\u0131n kahraman birliklerimiz taraf\u0131ndan hedef al\u0131nmas\u0131 sonucunda \u00e7ok say\u0131da ter\u00f6ristin \u00f6l\u00fc ve yaral\u0131 d\u00fc\u015f\u00fcr\u00fcld\u00fc\u011f\u00fcn\u00fc ifade etti.<\/p>\n<p><span style=\"color: #0000ff\">Deyrezzor\u2019da Ter\u00f6ristler \u00d6ld\u00fcr\u00fcld\u00fc Silahlar\u0131 \u0130mha Edildi<\/span><\/p>\n<p>Ordu birliklerimiz Deyrezzor\u2019un baz\u0131 semtlerinde d\u00fczenledi\u011fi ba\u015far\u0131\u015fl\u0131 operasyonlar sonucunda aralar\u0131nda yabanc\u0131 uyruklu \u00e7ok say\u0131da ter\u00f6risti \u00f6l\u00fc ve yaral\u0131 d\u00fc\u015f\u00fcrd\u00fc.<\/p>\n<p>Kaynak, ordu birliklerimizin Huveyka\u2019da F\u0131rat hastanesi yak\u0131nlar\u0131nda silahl\u0131 bir ter\u00f6r grubu saflar\u0131nda \u00f6l\u00fc ve uyaral\u0131 d\u00fc\u015f\u00fcrd\u00fc\u011f\u00fcn\u00fc biri a\u011f\u0131r taramal\u0131 silahla donat\u0131lm\u0131\u015f baz\u0131 ara\u00e7lar\u0131n\u0131 imha etti\u011fini \u00f6len ter\u00f6ristler aras\u0131nda Tunus uyruklu ter\u00f6r eleba\u015f\u0131 \u201cTunuslu Ebu Leys\u201d ve Abdulkerim el Mutlak adl\u0131 ter\u00f6ristlerin bulundu\u011funu s\u00f6yledi.<\/p>\n<p>Birliklerimiz ayr\u0131ca, R\u00fc\u015fdiye ve Eski Havaalan\u0131 semtlerinde \u00e7ok say\u0131da ter\u00f6risti \u00f6l\u00fc ve yaral\u0131 d\u00fc\u015f\u00fcrd\u00fc silah ve te\u00e7hizatlar\u0131n\u0131 da imha etti.<\/p>\n<p>&nbsp;<\/p>\n<p>&nbsp;<\/p>\n","protected":false},"excerpt":{"rendered":"<p>\u0130LLER \u2013 Ordu ve silahl\u0131 kuvvetlere tabi kahraman birliklerimizin ter\u00f6re kar\u015f\u0131 sava\u015f\u0131 ba\u015far\u0131larla s\u00fcr\u00fcyor. Bir\u00e7ok b\u00f6lgede ter\u00f6ristler b\u00fcy\u00fck kay\u0131plar verirken su\u00e7 edatlar\u0131 da imha edildi. Hama K\u0131rsal\u0131nda Askeri Kontrol Noktalar\u0131na Sald\u0131r\u0131 Giri\u015fimleri \u00c7\u00f6kertildi Ordu birliklerimiz Hama k\u0131rsal\u0131 Kefar Zitta Beldesinde ter\u00f6rist gruplar\u0131 eleba\u015flar\u0131na tabi bir h\u00fccreyi hedef almas\u0131 sonucunda \u00e7ok say\u0131da ter\u00f6risti \u00f6l\u00fc ve yaral\u0131 &hellip;<\/p>\n","protected":false},"author":1,"featured_media":6242,"comment_status":"closed","ping_status":"closed","sticky":false,"template":"","format":"standard","meta":{"footnotes":""},"categories":[575],"tags":[1373],"class_list":["post-6218","post","type-post","status-publish","format-standard","has-post-thumbnail","","category-olaylar-ve-gercekler","tag-silahli-terorist-gruplarinin-agir-kayiplari-suruyor"],"_links":{"self":[{"href":"https:\/\/archive.sana.sy\/tr\/index.php?rest_route=\/wp\/v2\/posts\/6218","targetHints":{"allow":["GET"]}}],"collection":[{"href":"https:\/\/archive.sana.sy\/tr\/index.php?rest_route=\/wp\/v2\/posts"}],"about":[{"href":"https:\/\/archive.sana.sy\/tr\/index.php?rest_route=\/wp\/v2\/types\/post"}],"author":[{"embeddable":true,"href":"https:\/\/archive.sana.sy\/tr\/index.php?rest_route=\/wp\/v2\/users\/1"}],"replies":[{"embeddable":true,"href":"https:\/\/archive.sana.sy\/tr\/index.php?rest_route=%2Fwp%2Fv2%2Fcomments&post=6218"}],"version-history":[{"count":0,"href":"https:\/\/archive.sana.sy\/tr\/index.php?rest_route=\/wp\/v2\/posts\/6218\/revisions"}],"wp:featuredmedia":[{"embeddable":true,"href":"https:\/\/archive.sana.sy\/tr\/index.php?rest_route=\/wp\/v2\/media\/6242"}],"wp:attachment":[{"href":"https:\/\/archive.sana.sy\/tr\/index.php?rest_route=%2Fwp%2Fv2%2Fmedia&parent=6218"}],"wp:term":[{"taxonomy":"category","embeddable":true,"href":"https:\/\/archive.sana.sy\/tr\/index.php?rest_route=%2Fwp%2Fv2%2Fcategories&post=6218"},{"taxonomy":"post_tag","embeddable":true,"href":"https:\/\/archive.sana.sy\/tr\/index.php?rest_route=%2Fwp%2Fv2%2Ftags&post=6218"}],"curies":[{"name":"wp","href":"https:\/\/api.w.org\/{rel}","templated":true}]}}