{"id":62193,"date":"2016-02-21T10:43:54","date_gmt":"2016-02-21T08:43:54","guid":{"rendered":"http:\/\/www.sana.sy\/tr\/?p=62193"},"modified":"2016-02-22T16:21:55","modified_gmt":"2016-02-22T14:21:55","slug":"homsta-iki-bombali-eylem-2","status":"publish","type":"post","link":"https:\/\/archive.sana.sy\/tr\/?p=62193","title":{"rendered":"Homs ve \u015eam K\u0131rsal\u0131nda Bombal\u0131 Eylemler"},"content":{"rendered":"<p>\u0130LLER \u2013 D\u0131\u015f g\u00fc\u00e7lerin muhtelif isimler alt\u0131nda destekledikleri eli kanl\u0131 ter\u00f6r \u00f6rg\u00fctleri bug\u00fcn Homs Kentinin ortas\u0131nda sivil vatanda\u015flar\u0131n yo\u011fun olarak bulunduklar\u0131 Sittin Caddesinde bombal\u0131 iki arac\u0131 havaya u\u00e7urmalar\u0131yla 39 vatanda\u015f \u015fehit, onlarca vatanda\u015f da yaral\u0131 d\u00fc\u015ft\u00fc.<\/p>\n<p>Homs Valisi Telal el Berazi SANA\u2019ya yapt\u0131\u011f\u0131 a\u00e7\u0131klamada; ter\u00f6ristlerin sabah saatlerinde kentin ana caddesi Sittin Caddesinde Ermen Semti giri\u015fi yak\u0131nlar\u0131nda b\u00fcy\u00fck miktarda patlay\u0131c\u0131yla haz\u0131rlanm\u0131\u015f bombal\u0131 iki arac\u0131 havaya u\u00e7urduklar\u0131n\u0131 belirtti. Vali Berazi ard\u0131 ard\u0131na gelen iki bombal\u0131 ter\u00f6r eyleminde 32 vatanda\u015f\u0131n \u015fehit d\u00fc\u015ft\u00fc\u011f\u00fcn\u00fc, 39 vatanda\u015f\u0131n da yaraland\u0131\u011f\u0131n\u0131 ifade etti. Yaral\u0131lar\u0131n b\u00fcy\u00fck bir k\u0131sm\u0131n\u0131n a\u011f\u0131r durumda oldu\u011funa dikkat \u00e7eken Homs Valisi, dolay\u0131s\u0131yla \u015fehit say\u0131s\u0131n\u0131n y\u00fckselebilece\u011fine i\u015faret etti.<\/p>\n<p>Homs Valisi Barazi g\u00fcn\u00fcn ilerleyen saatlerinde yapt\u0131\u011f\u0131 a\u00e7\u0131klamada; a\u011f\u0131r yaral\u0131lardan 7\u00a0vatanda\u015f\u0131n daha \u015fehit d\u00fc\u015fmeleriyle \u015fehit bilan\u00e7osunun 39\u2019a y\u00fckseldi\u011fini belirtti.<\/p>\n<p>SANA muhabiri ise hain bombal\u0131 eylemlerin g\u00fcney \u00e7evre yolu halk otob\u00fcslerinin durduklar\u0131 bir b\u00f6lgede meydana gelmesiyle onlarca otob\u00fcs\u00fcn yan\u0131 s\u0131ra civarda bulunan sivil evler ve i\u015fyerlerinde b\u00fcy\u00fck hasarlar\u0131n olu\u015ftu\u011funu aktard\u0131.<\/p>\n<p>https:\/\/www.youtube.com\/watch?v=IHmQrXfzDQM<\/p>\n<p><span style=\"color: #0000ff\">Seyyide Zeyneb Beldesinde 3 Bombal\u0131 Eylem<\/span><\/p>\n<p>Bu arada \u015eam \u00c7evre Kent Emniyet M\u00fcd\u00fcrl\u00fc\u011f\u00fcnde yetkili bir kaynak \u015eam k\u0131rsal\u0131 Seyyide Zeyneb Beldesinin Tin caddesinde 3 bombal\u0131 eylemin meydana geldi\u011fini belirtirken, ilk verilere g\u00f6re hain sald\u0131r\u0131larda bir\u00e7ok vatanda\u015f\u0131n \u015fehit ve yaral\u0131 d\u00fc\u015ft\u00fcklerini ifade etti.<\/p>\n<p><span style=\"color: #0000ff\">Sessizlik Te\u015fvik ve Destek Niteli\u011findedir<\/span><\/p>\n<p>Halk Meclisi Homs\u2019ta meydana gelen bombal\u0131 ter\u00f6r eylemlerini k\u0131narken; bu eylemlerde savunmas\u0131z sivil insanlar\u0131n kurban gitmesi sorumlulu\u011funu ba\u015fta T\u00fcrkiye, Suudi Arabistan ve ter\u00f6r\u00fc destekleyen daha ba\u015fka rejimlere y\u00fckledi.<\/p>\n<p>Meclis beyan\u0131nda Suriye&#8217;de t\u00fcm bu vah\u015fet ve katliamlar\u0131 i\u015fleyen ter\u00f6r \u00f6rg\u00fctleri ve kimi devletlerin bu \u00f6rg\u00fctlere s\u0131n\u0131rs\u0131z destekleri kar\u015f\u0131s\u0131nda uluslar aras\u0131 toplumun sessiz kalmas\u0131n\u0131n ter\u00f6re destek ve te\u015fvik niteli\u011fi ta\u015f\u0131d\u0131\u011f\u0131n\u0131 belirtti.<\/p>\n<p><span style=\"color: #0000ff\">Ter\u00f6r\u00fc Destekleyen Devletlere Kar\u015f\u0131 Etkin \u0130craatlar Al\u0131nmal\u0131<\/span><\/p>\n<p>Bu arada Bakanlar Konseyi hain eylemleri \u015fiddetle k\u0131nad\u0131\u011f\u0131n\u0131 ifade ederken; sivillere kar\u015f\u0131 bu gibi vah\u015fetleri i\u015fleyen ter\u00f6r \u00f6rg\u00fctlere destek veren devletlere bu desteklerini kesmeleri i\u00e7in etkin icraatlar\u0131n al\u0131nmas\u0131 gere\u011finin alt\u0131n\u0131 \u00e7izdi.<\/p>\n<p><span style=\"color: #0000ff\">Ter\u00f6r \u00d6rg\u00fctleri ve \u0130\u015fverenlerinin Rahats\u0131zl\u0131klar\u0131n\u0131 G\u00f6steriyor<\/span><\/p>\n<p>Di\u011fer yandan Enformasyon Bakan\u0131 Omran el Zoubi; Homs Kenti ve yurdun daha ba\u015fka b\u00f6lgelerinde meydana gelen bombal\u0131 ter\u00f6r eylemlerinin, ordu birliklerimizin ter\u00f6re kar\u015f\u0131 sa\u011flad\u0131klar\u0131 ba\u015far\u0131lar\u0131n ter\u00f6r \u00f6rg\u00fctleri ve i\u015fverenlerine ne derecede rahats\u0131zl\u0131k verdi\u011fini ortaya koydu\u011funu belirtti.<\/p>\n<div id='gallery-1' class='gallery galleryid-62193 gallery-columns-2 gallery-size-medium'><figure class='gallery-item'>\n\t\t\t<div class='gallery-icon landscape'>\n\t\t\t\t<a href='https:\/\/archive.sana.sy\/tr\/wp-content\/uploads\/2016\/02\/photo_2016-02-21_09-37-56.jpg'><img loading=\"lazy\" decoding=\"async\" width=\"300\" height=\"225\" src=\"https:\/\/archive.sana.sy\/tr\/wp-content\/uploads\/2016\/02\/photo_2016-02-21_09-37-56-300x225.jpg\" class=\"attachment-medium size-medium\" alt=\"\" srcset=\"https:\/\/archive.sana.sy\/tr\/wp-content\/uploads\/2016\/02\/photo_2016-02-21_09-37-56-300x225.jpg 300w, https:\/\/archive.sana.sy\/tr\/wp-content\/uploads\/2016\/02\/photo_2016-02-21_09-37-56-150x113.jpg 150w, https:\/\/archive.sana.sy\/tr\/wp-content\/uploads\/2016\/02\/photo_2016-02-21_09-37-56-768x576.jpg 768w, https:\/\/archive.sana.sy\/tr\/wp-content\/uploads\/2016\/02\/photo_2016-02-21_09-37-56-1024x768.jpg 1024w, https:\/\/archive.sana.sy\/tr\/wp-content\/uploads\/2016\/02\/photo_2016-02-21_09-37-56.jpg 1280w\" sizes=\"auto, (max-width: 300px) 100vw, 300px\" \/><\/a>\n\t\t\t<\/div><\/figure><figure class='gallery-item'>\n\t\t\t<div class='gallery-icon landscape'>\n\t\t\t\t<a href='https:\/\/archive.sana.sy\/tr\/wp-content\/uploads\/2016\/02\/photo_2016-02-21_09-38-18.jpg'><img loading=\"lazy\" decoding=\"async\" width=\"300\" height=\"225\" src=\"https:\/\/archive.sana.sy\/tr\/wp-content\/uploads\/2016\/02\/photo_2016-02-21_09-38-18-300x225.jpg\" class=\"attachment-medium size-medium\" alt=\"\" srcset=\"https:\/\/archive.sana.sy\/tr\/wp-content\/uploads\/2016\/02\/photo_2016-02-21_09-38-18-300x225.jpg 300w, https:\/\/archive.sana.sy\/tr\/wp-content\/uploads\/2016\/02\/photo_2016-02-21_09-38-18-150x113.jpg 150w, https:\/\/archive.sana.sy\/tr\/wp-content\/uploads\/2016\/02\/photo_2016-02-21_09-38-18-768x576.jpg 768w, https:\/\/archive.sana.sy\/tr\/wp-content\/uploads\/2016\/02\/photo_2016-02-21_09-38-18-1024x768.jpg 1024w, https:\/\/archive.sana.sy\/tr\/wp-content\/uploads\/2016\/02\/photo_2016-02-21_09-38-18.jpg 1280w\" sizes=\"auto, (max-width: 300px) 100vw, 300px\" \/><\/a>\n\t\t\t<\/div><\/figure><figure class='gallery-item'>\n\t\t\t<div class='gallery-icon landscape'>\n\t\t\t\t<a href='https:\/\/archive.sana.sy\/tr\/wp-content\/uploads\/2016\/02\/photo_2016-02-21_09-38-21.jpg'><img loading=\"lazy\" decoding=\"async\" width=\"300\" height=\"225\" src=\"https:\/\/archive.sana.sy\/tr\/wp-content\/uploads\/2016\/02\/photo_2016-02-21_09-38-21-300x225.jpg\" class=\"attachment-medium size-medium\" alt=\"\" srcset=\"https:\/\/archive.sana.sy\/tr\/wp-content\/uploads\/2016\/02\/photo_2016-02-21_09-38-21-300x225.jpg 300w, https:\/\/archive.sana.sy\/tr\/wp-content\/uploads\/2016\/02\/photo_2016-02-21_09-38-21-150x113.jpg 150w, https:\/\/archive.sana.sy\/tr\/wp-content\/uploads\/2016\/02\/photo_2016-02-21_09-38-21-768x576.jpg 768w, https:\/\/archive.sana.sy\/tr\/wp-content\/uploads\/2016\/02\/photo_2016-02-21_09-38-21-1024x768.jpg 1024w, https:\/\/archive.sana.sy\/tr\/wp-content\/uploads\/2016\/02\/photo_2016-02-21_09-38-21.jpg 1280w\" sizes=\"auto, (max-width: 300px) 100vw, 300px\" \/><\/a>\n\t\t\t<\/div><\/figure><figure class='gallery-item'>\n\t\t\t<div class='gallery-icon landscape'>\n\t\t\t\t<a href='https:\/\/archive.sana.sy\/tr\/wp-content\/uploads\/2016\/02\/photo_2016-02-21_09-38-27.jpg'><img loading=\"lazy\" decoding=\"async\" width=\"300\" height=\"225\" src=\"https:\/\/archive.sana.sy\/tr\/wp-content\/uploads\/2016\/02\/photo_2016-02-21_09-38-27-300x225.jpg\" class=\"attachment-medium size-medium\" alt=\"\" srcset=\"https:\/\/archive.sana.sy\/tr\/wp-content\/uploads\/2016\/02\/photo_2016-02-21_09-38-27-300x225.jpg 300w, https:\/\/archive.sana.sy\/tr\/wp-content\/uploads\/2016\/02\/photo_2016-02-21_09-38-27-150x113.jpg 150w, https:\/\/archive.sana.sy\/tr\/wp-content\/uploads\/2016\/02\/photo_2016-02-21_09-38-27-768x576.jpg 768w, https:\/\/archive.sana.sy\/tr\/wp-content\/uploads\/2016\/02\/photo_2016-02-21_09-38-27-1024x768.jpg 1024w, https:\/\/archive.sana.sy\/tr\/wp-content\/uploads\/2016\/02\/photo_2016-02-21_09-38-27.jpg 1280w\" sizes=\"auto, (max-width: 300px) 100vw, 300px\" \/><\/a>\n\t\t\t<\/div><\/figure><figure class='gallery-item'>\n\t\t\t<div class='gallery-icon landscape'>\n\t\t\t\t<a href='https:\/\/archive.sana.sy\/tr\/wp-content\/uploads\/2016\/02\/photo_2016-02-21_09-38-30.jpg'><img loading=\"lazy\" decoding=\"async\" width=\"300\" height=\"225\" src=\"https:\/\/archive.sana.sy\/tr\/wp-content\/uploads\/2016\/02\/photo_2016-02-21_09-38-30-300x225.jpg\" class=\"attachment-medium size-medium\" alt=\"\" srcset=\"https:\/\/archive.sana.sy\/tr\/wp-content\/uploads\/2016\/02\/photo_2016-02-21_09-38-30-300x225.jpg 300w, https:\/\/archive.sana.sy\/tr\/wp-content\/uploads\/2016\/02\/photo_2016-02-21_09-38-30-150x113.jpg 150w, https:\/\/archive.sana.sy\/tr\/wp-content\/uploads\/2016\/02\/photo_2016-02-21_09-38-30-768x576.jpg 768w, https:\/\/archive.sana.sy\/tr\/wp-content\/uploads\/2016\/02\/photo_2016-02-21_09-38-30-1024x768.jpg 1024w, https:\/\/archive.sana.sy\/tr\/wp-content\/uploads\/2016\/02\/photo_2016-02-21_09-38-30.jpg 1280w\" sizes=\"auto, (max-width: 300px) 100vw, 300px\" \/><\/a>\n\t\t\t<\/div><\/figure><figure class='gallery-item'>\n\t\t\t<div class='gallery-icon landscape'>\n\t\t\t\t<a href='https:\/\/archive.sana.sy\/tr\/wp-content\/uploads\/2016\/02\/photo_2016-02-21_09-38-33.jpg'><img loading=\"lazy\" decoding=\"async\" width=\"300\" height=\"225\" src=\"https:\/\/archive.sana.sy\/tr\/wp-content\/uploads\/2016\/02\/photo_2016-02-21_09-38-33-300x225.jpg\" class=\"attachment-medium size-medium\" alt=\"\" srcset=\"https:\/\/archive.sana.sy\/tr\/wp-content\/uploads\/2016\/02\/photo_2016-02-21_09-38-33-300x225.jpg 300w, https:\/\/archive.sana.sy\/tr\/wp-content\/uploads\/2016\/02\/photo_2016-02-21_09-38-33-150x113.jpg 150w, https:\/\/archive.sana.sy\/tr\/wp-content\/uploads\/2016\/02\/photo_2016-02-21_09-38-33-768x576.jpg 768w, https:\/\/archive.sana.sy\/tr\/wp-content\/uploads\/2016\/02\/photo_2016-02-21_09-38-33-1024x768.jpg 1024w, https:\/\/archive.sana.sy\/tr\/wp-content\/uploads\/2016\/02\/photo_2016-02-21_09-38-33.jpg 1280w\" sizes=\"auto, (max-width: 300px) 100vw, 300px\" \/><\/a>\n\t\t\t<\/div><\/figure><figure class='gallery-item'>\n\t\t\t<div class='gallery-icon landscape'>\n\t\t\t\t<a href='https:\/\/archive.sana.sy\/tr\/wp-content\/uploads\/2016\/02\/photo_2016-02-21_09-38-36.jpg'><img loading=\"lazy\" decoding=\"async\" width=\"300\" height=\"225\" src=\"https:\/\/archive.sana.sy\/tr\/wp-content\/uploads\/2016\/02\/photo_2016-02-21_09-38-36-300x225.jpg\" class=\"attachment-medium size-medium\" alt=\"\" srcset=\"https:\/\/archive.sana.sy\/tr\/wp-content\/uploads\/2016\/02\/photo_2016-02-21_09-38-36-300x225.jpg 300w, https:\/\/archive.sana.sy\/tr\/wp-content\/uploads\/2016\/02\/photo_2016-02-21_09-38-36-150x113.jpg 150w, https:\/\/archive.sana.sy\/tr\/wp-content\/uploads\/2016\/02\/photo_2016-02-21_09-38-36-768x576.jpg 768w, https:\/\/archive.sana.sy\/tr\/wp-content\/uploads\/2016\/02\/photo_2016-02-21_09-38-36-1024x768.jpg 1024w, https:\/\/archive.sana.sy\/tr\/wp-content\/uploads\/2016\/02\/photo_2016-02-21_09-38-36.jpg 1280w\" sizes=\"auto, (max-width: 300px) 100vw, 300px\" \/><\/a>\n\t\t\t<\/div><\/figure><figure class='gallery-item'>\n\t\t\t<div class='gallery-icon landscape'>\n\t\t\t\t<a href='https:\/\/archive.sana.sy\/tr\/wp-content\/uploads\/2016\/02\/photo_2016-02-21_09-38-42.jpg'><img loading=\"lazy\" decoding=\"async\" width=\"300\" height=\"225\" src=\"https:\/\/archive.sana.sy\/tr\/wp-content\/uploads\/2016\/02\/photo_2016-02-21_09-38-42-300x225.jpg\" class=\"attachment-medium size-medium\" alt=\"\" srcset=\"https:\/\/archive.sana.sy\/tr\/wp-content\/uploads\/2016\/02\/photo_2016-02-21_09-38-42-300x225.jpg 300w, https:\/\/archive.sana.sy\/tr\/wp-content\/uploads\/2016\/02\/photo_2016-02-21_09-38-42-150x113.jpg 150w, https:\/\/archive.sana.sy\/tr\/wp-content\/uploads\/2016\/02\/photo_2016-02-21_09-38-42-768x576.jpg 768w, https:\/\/archive.sana.sy\/tr\/wp-content\/uploads\/2016\/02\/photo_2016-02-21_09-38-42-1024x768.jpg 1024w, https:\/\/archive.sana.sy\/tr\/wp-content\/uploads\/2016\/02\/photo_2016-02-21_09-38-42.jpg 1280w\" sizes=\"auto, (max-width: 300px) 100vw, 300px\" \/><\/a>\n\t\t\t<\/div><\/figure><figure class='gallery-item'>\n\t\t\t<div class='gallery-icon landscape'>\n\t\t\t\t<a href='https:\/\/archive.sana.sy\/tr\/wp-content\/uploads\/2016\/02\/photo_2016-02-21_09-38-45.jpg'><img loading=\"lazy\" decoding=\"async\" width=\"300\" height=\"225\" src=\"https:\/\/archive.sana.sy\/tr\/wp-content\/uploads\/2016\/02\/photo_2016-02-21_09-38-45-300x225.jpg\" class=\"attachment-medium size-medium\" alt=\"\" srcset=\"https:\/\/archive.sana.sy\/tr\/wp-content\/uploads\/2016\/02\/photo_2016-02-21_09-38-45-300x225.jpg 300w, https:\/\/archive.sana.sy\/tr\/wp-content\/uploads\/2016\/02\/photo_2016-02-21_09-38-45-150x113.jpg 150w, https:\/\/archive.sana.sy\/tr\/wp-content\/uploads\/2016\/02\/photo_2016-02-21_09-38-45-768x576.jpg 768w, https:\/\/archive.sana.sy\/tr\/wp-content\/uploads\/2016\/02\/photo_2016-02-21_09-38-45-1024x768.jpg 1024w, https:\/\/archive.sana.sy\/tr\/wp-content\/uploads\/2016\/02\/photo_2016-02-21_09-38-45.jpg 1280w\" sizes=\"auto, (max-width: 300px) 100vw, 300px\" \/><\/a>\n\t\t\t<\/div><\/figure>\n\t\t<\/div>\n\n<p>R.H.<\/p>\n","protected":false},"excerpt":{"rendered":"<p>\u0130LLER \u2013 D\u0131\u015f g\u00fc\u00e7lerin muhtelif isimler alt\u0131nda destekledikleri eli kanl\u0131 ter\u00f6r \u00f6rg\u00fctleri bug\u00fcn Homs Kentinin ortas\u0131nda sivil vatanda\u015flar\u0131n yo\u011fun olarak bulunduklar\u0131 Sittin Caddesinde bombal\u0131 iki arac\u0131 havaya u\u00e7urmalar\u0131yla 39 vatanda\u015f \u015fehit, onlarca vatanda\u015f da yaral\u0131 d\u00fc\u015ft\u00fc. Homs Valisi Telal el Berazi SANA\u2019ya yapt\u0131\u011f\u0131 a\u00e7\u0131klamada; ter\u00f6ristlerin sabah saatlerinde kentin ana caddesi Sittin Caddesinde Ermen Semti giri\u015fi &hellip;<\/p>\n","protected":false},"author":1,"featured_media":62194,"comment_status":"closed","ping_status":"closed","sticky":false,"template":"","format":"standard","meta":{"footnotes":""},"categories":[479,575,478],"tags":[17129,18807,18692,10970,19388,19389],"class_list":["post-62193","post","type-post","status-publish","format-standard","has-post-thumbnail","","category-haberler-yerel","category-olaylar-ve-gercekler","category-yerel","tag-bombali-arac","tag-homsta-iki-bombali-eylem","tag-katliam","tag-kinama","tag-sehit-ve-yarali","tag-terore-destek"],"_links":{"self":[{"href":"https:\/\/archive.sana.sy\/tr\/index.php?rest_route=\/wp\/v2\/posts\/62193","targetHints":{"allow":["GET"]}}],"collection":[{"href":"https:\/\/archive.sana.sy\/tr\/index.php?rest_route=\/wp\/v2\/posts"}],"about":[{"href":"https:\/\/archive.sana.sy\/tr\/index.php?rest_route=\/wp\/v2\/types\/post"}],"author":[{"embeddable":true,"href":"https:\/\/archive.sana.sy\/tr\/index.php?rest_route=\/wp\/v2\/users\/1"}],"replies":[{"embeddable":true,"href":"https:\/\/archive.sana.sy\/tr\/index.php?rest_route=%2Fwp%2Fv2%2Fcomments&post=62193"}],"version-history":[{"count":0,"href":"https:\/\/archive.sana.sy\/tr\/index.php?rest_route=\/wp\/v2\/posts\/62193\/revisions"}],"wp:featuredmedia":[{"embeddable":true,"href":"https:\/\/archive.sana.sy\/tr\/index.php?rest_route=\/wp\/v2\/media\/62194"}],"wp:attachment":[{"href":"https:\/\/archive.sana.sy\/tr\/index.php?rest_route=%2Fwp%2Fv2%2Fmedia&parent=62193"}],"wp:term":[{"taxonomy":"category","embeddable":true,"href":"https:\/\/archive.sana.sy\/tr\/index.php?rest_route=%2Fwp%2Fv2%2Fcategories&post=62193"},{"taxonomy":"post_tag","embeddable":true,"href":"https:\/\/archive.sana.sy\/tr\/index.php?rest_route=%2Fwp%2Fv2%2Ftags&post=62193"}],"curies":[{"name":"wp","href":"https:\/\/api.w.org\/{rel}","templated":true}]}}