{"id":62209,"date":"2016-02-20T23:23:23","date_gmt":"2016-02-20T21:23:23","guid":{"rendered":"http:\/\/www.sana.sy\/tr\/?p=62209"},"modified":"2016-02-21T12:28:54","modified_gmt":"2016-02-21T10:28:54","slug":"halep-kendinde-yasam-nabzi-yeniden-atmaya-basladivideo","status":"publish","type":"post","link":"https:\/\/archive.sana.sy\/tr\/?p=62209","title":{"rendered":"Halep Kendinde Ya\u015fam Nabz\u0131 Yeniden Atmaya Ba\u015flad\u0131(video)"},"content":{"rendered":"<p><span style=\"line-height: 1.5\">\u015eAM \u2013 Ordu ve Silahl\u0131 Kuvvetler Genel Komutanl\u0131\u011f\u0131 Halep\u2019in do\u011fu k\u0131rsal\u0131nda yer alan Termik Santral ve civar\u0131ndaki b\u00f6lgelerin ordu birliklerimiz taraf\u0131ndan tekfircilerden temizlenip kontrole al\u0131nmas\u0131yla m\u00fccadelenin sembol\u00fc Halep ilinde ya\u015fam nabz\u0131n\u0131n yeniden atmaya ba\u015flad\u0131\u011f\u0131n\u0131 a\u00e7\u0131klad\u0131.<\/span><\/p>\n<p><span style=\"line-height: 1.5\">Bug\u00fcn\u00a0bir beyan yay\u0131nlayan Genel Komutanl\u0131k, kahraman birliklerimizin, Suriye ve Rusya hava kuvvetlerinin deste\u011fi ile d\u00fczenledikleri bir dizi operasyonda sa\u011flad\u0131klar\u0131 ba\u015far\u0131lardan sonra el HarariyeSantralinde kontrol\u00fc ele ge\u00e7irdi\u011finin ilan edildi\u011fini dile getirerek Halep\u2019in do\u011fu k\u0131rsal\u0131nda bir\u00e7ok beldede ter\u00f6r odaklar\u0131n\u0131n yok edilerek g\u00fcvenlik ve istikrar\u0131n sa\u011fland\u0131\u011f\u0131n\u0131 belirtti.<\/span><\/p>\n<p>Beyan\u0131nda el HarariyeSantralinin Suriye i\u00e7in hayati bir \u00f6neme sahip oldu\u011funa dikkat \u00e7eken Genel Komutanl\u0131k, Harariye Santralinin Halep\u2019in yan\u0131 s\u0131ra bir\u00e7ok ile elektrik da\u011f\u0131t\u0131m\u0131 yapt\u0131\u011f\u0131n\u0131 ve bu santralin ele ge\u00e7irilmesiyle Halep ve bir\u00e7ok ilde ya\u015fam nabz\u0131n\u0131n yeniden atmaya ba\u015flad\u0131\u011f\u0131n\u0131 beyan etti.<\/p>\n<p>Halep\u2019in do\u011fu k\u0131rsal\u0131 ve Lazkiye k\u0131rsal\u0131nda kahraman birliklerimizin b\u00fcy\u00fck ba\u015far\u0131lar\u0131n\u0131n devam etti\u011fine dikkat \u00e7ekilen beyanda; Suriye Arap Ordusunun, ter\u00f6re kar\u015f\u0131 m\u00fccadelede g\u00fcc\u00fcn\u00fc ve iradesini defalarca kan\u0131tlam\u0131\u015f oldu\u011fu vurguland\u0131.<\/p>\n<p>https:\/\/www.youtube.com\/watch?v=XlRfvNbBMuk<\/p>\n<p>F.B. &#8211; R.H.<\/p>\n","protected":false},"excerpt":{"rendered":"<p>\u015eAM \u2013 Ordu ve Silahl\u0131 Kuvvetler Genel Komutanl\u0131\u011f\u0131 Halep\u2019in do\u011fu k\u0131rsal\u0131nda yer alan Termik Santral ve civar\u0131ndaki b\u00f6lgelerin ordu birliklerimiz taraf\u0131ndan tekfircilerden temizlenip kontrole al\u0131nmas\u0131yla m\u00fccadelenin sembol\u00fc Halep ilinde ya\u015fam nabz\u0131n\u0131n yeniden atmaya ba\u015flad\u0131\u011f\u0131n\u0131 a\u00e7\u0131klad\u0131. Bug\u00fcn\u00a0bir beyan yay\u0131nlayan Genel Komutanl\u0131k, kahraman birliklerimizin, Suriye ve Rusya hava kuvvetlerinin deste\u011fi ile d\u00fczenledikleri bir dizi operasyonda sa\u011flad\u0131klar\u0131 ba\u015far\u0131lardan &hellip;<\/p>\n","protected":false},"author":1,"featured_media":62210,"comment_status":"closed","ping_status":"closed","sticky":false,"template":"","format":"standard","meta":{"footnotes":""},"categories":[479,575,17988,2554,2555,478],"tags":[19376,2770,19380],"class_list":["post-62209","post","type-post","status-publish","format-standard","has-post-thumbnail","","category-haberler-yerel","category-olaylar-ve-gercekler","category-son-haberler","category-suriye-ve-dunya","category-suriye-ve-turkiye","category-yerel","tag-halep-kendinde-yasam-nabzi-yeniden-atmaya-basladi","tag-ordu-ve-silahli-kuvvetler-genel-komutanligi","tag-termik-santral"],"_links":{"self":[{"href":"https:\/\/archive.sana.sy\/tr\/index.php?rest_route=\/wp\/v2\/posts\/62209","targetHints":{"allow":["GET"]}}],"collection":[{"href":"https:\/\/archive.sana.sy\/tr\/index.php?rest_route=\/wp\/v2\/posts"}],"about":[{"href":"https:\/\/archive.sana.sy\/tr\/index.php?rest_route=\/wp\/v2\/types\/post"}],"author":[{"embeddable":true,"href":"https:\/\/archive.sana.sy\/tr\/index.php?rest_route=\/wp\/v2\/users\/1"}],"replies":[{"embeddable":true,"href":"https:\/\/archive.sana.sy\/tr\/index.php?rest_route=%2Fwp%2Fv2%2Fcomments&post=62209"}],"version-history":[{"count":0,"href":"https:\/\/archive.sana.sy\/tr\/index.php?rest_route=\/wp\/v2\/posts\/62209\/revisions"}],"wp:featuredmedia":[{"embeddable":true,"href":"https:\/\/archive.sana.sy\/tr\/index.php?rest_route=\/wp\/v2\/media\/62210"}],"wp:attachment":[{"href":"https:\/\/archive.sana.sy\/tr\/index.php?rest_route=%2Fwp%2Fv2%2Fmedia&parent=62209"}],"wp:term":[{"taxonomy":"category","embeddable":true,"href":"https:\/\/archive.sana.sy\/tr\/index.php?rest_route=%2Fwp%2Fv2%2Fcategories&post=62209"},{"taxonomy":"post_tag","embeddable":true,"href":"https:\/\/archive.sana.sy\/tr\/index.php?rest_route=%2Fwp%2Fv2%2Ftags&post=62209"}],"curies":[{"name":"wp","href":"https:\/\/api.w.org\/{rel}","templated":true}]}}