{"id":6221,"date":"2014-07-31T12:40:00","date_gmt":"2014-07-31T09:40:00","guid":{"rendered":"http:\/\/www.sana.sy\/tr\/?p=6221"},"modified":"2014-08-01T00:33:00","modified_gmt":"2014-07-31T21:33:00","slug":"hasekede-teroristler-sivilleri-hedef-aldi-1-cocuk-sehit-7-yarali","status":"publish","type":"post","link":"https:\/\/archive.sana.sy\/tr\/?p=6221","title":{"rendered":"Haseke\u2019de Ter\u00f6ristler Sivilleri Hedef Ald\u0131.. 1 \u00c7ocuk \u015eehit 7 Yaral\u0131"},"content":{"rendered":"<p>HASEKE &#8211; Gaddar ter\u00f6ristlerin Haseke kenti Bati Na\u015fve Semtine d\u00fczenledi\u011fi havan sald\u0131r\u0131s\u0131 sonucunda 1 \u00e7ocuk \u015fehit d\u00fc\u015ft\u00fc 7 vatanda\u015fta yaraland\u0131.<\/p>\n<p>Haseke Vatan hastanesinde yetkili kaynak, hastaneye getirilen yaral\u0131lar\u0131n durumlar\u0131n\u0131n \u00e7o\u011funun a\u011f\u0131r oldu\u011funu s\u00f6yledi.<\/p>\n","protected":false},"excerpt":{"rendered":"<p>HASEKE &#8211; Gaddar ter\u00f6ristlerin Haseke kenti Bati Na\u015fve Semtine d\u00fczenledi\u011fi havan sald\u0131r\u0131s\u0131 sonucunda 1 \u00e7ocuk \u015fehit d\u00fc\u015ft\u00fc 7 vatanda\u015fta yaraland\u0131. Haseke Vatan hastanesinde yetkili kaynak, hastaneye getirilen yaral\u0131lar\u0131n durumlar\u0131n\u0131n \u00e7o\u011funun a\u011f\u0131r oldu\u011funu s\u00f6yledi.<\/p>\n","protected":false},"author":1,"featured_media":6222,"comment_status":"closed","ping_status":"closed","sticky":false,"template":"","format":"standard","meta":{"footnotes":""},"categories":[575],"tags":[1374],"class_list":["post-6221","post","type-post","status-publish","format-standard","has-post-thumbnail","","category-olaylar-ve-gercekler","tag-hasekede-teroristler-sivilleri-hedef-aldi-1-cocuk-sehit-7-yarali"],"_links":{"self":[{"href":"https:\/\/archive.sana.sy\/tr\/index.php?rest_route=\/wp\/v2\/posts\/6221","targetHints":{"allow":["GET"]}}],"collection":[{"href":"https:\/\/archive.sana.sy\/tr\/index.php?rest_route=\/wp\/v2\/posts"}],"about":[{"href":"https:\/\/archive.sana.sy\/tr\/index.php?rest_route=\/wp\/v2\/types\/post"}],"author":[{"embeddable":true,"href":"https:\/\/archive.sana.sy\/tr\/index.php?rest_route=\/wp\/v2\/users\/1"}],"replies":[{"embeddable":true,"href":"https:\/\/archive.sana.sy\/tr\/index.php?rest_route=%2Fwp%2Fv2%2Fcomments&post=6221"}],"version-history":[{"count":0,"href":"https:\/\/archive.sana.sy\/tr\/index.php?rest_route=\/wp\/v2\/posts\/6221\/revisions"}],"wp:featuredmedia":[{"embeddable":true,"href":"https:\/\/archive.sana.sy\/tr\/index.php?rest_route=\/wp\/v2\/media\/6222"}],"wp:attachment":[{"href":"https:\/\/archive.sana.sy\/tr\/index.php?rest_route=%2Fwp%2Fv2%2Fmedia&parent=6221"}],"wp:term":[{"taxonomy":"category","embeddable":true,"href":"https:\/\/archive.sana.sy\/tr\/index.php?rest_route=%2Fwp%2Fv2%2Fcategories&post=6221"},{"taxonomy":"post_tag","embeddable":true,"href":"https:\/\/archive.sana.sy\/tr\/index.php?rest_route=%2Fwp%2Fv2%2Ftags&post=6221"}],"curies":[{"name":"wp","href":"https:\/\/api.w.org\/{rel}","templated":true}]}}