{"id":62214,"date":"2016-02-21T12:40:20","date_gmt":"2016-02-21T10:40:20","guid":{"rendered":"http:\/\/www.sana.sy\/tr\/?p=62214"},"modified":"2016-02-21T12:40:20","modified_gmt":"2016-02-21T10:40:20","slug":"sanaya-aciklama-yapan-askeri-bir-kaynak-cokuluslu-tekfirci-ve-kiralik-teroristlere-yonelik-operasyonlari-kapsaminda-ordu-birliklerimizin-hama-kirsalin-atsan-ve-skeyk-bolgelerine-ek-olarak-hom","status":"publish","type":"post","link":"https:\/\/archive.sana.sy\/tr\/?p=62214","title":{"rendered":"SANA\u2019ya a\u00e7\u0131klama yapan askeri bir kaynak \u00e7okuluslu tekfirci ve kiral\u0131k ter\u00f6ristlere y\u00f6nelik operasyonlar\u0131 kapsam\u0131nda ordu birliklerimizin Hama k\u0131rsal\u0131n At\u015fan ve Skeyk b\u00f6lgelerine ek olarak Homs k\u0131rsal\u0131n\u0131n g\u00fcneydo\u011fusu Karyeteyn Kenti civar\u0131nda bir k\u0131sm\u0131 a\u011f\u0131r silahlarla donat\u0131lm\u0131\u015f onlarca arac\u0131 ta\u015f\u0131d\u0131klar\u0131 cephane ve ter\u00f6ristlerle birlikte imha ettiklerini belirtti"},"content":{"rendered":"<p>SANA\u2019ya a\u00e7\u0131klama yapan askeri bir kaynak \u00e7okuluslu tekfirci ve kiral\u0131k ter\u00f6ristlere y\u00f6nelik operasyonlar\u0131 kapsam\u0131nda ordu birliklerimizin Hama k\u0131rsal\u0131n At\u015fan ve Skeyk b\u00f6lgelerine ek olarak Homs k\u0131rsal\u0131n\u0131n g\u00fcneydo\u011fusu Karyeteyn Kenti civar\u0131nda bir k\u0131sm\u0131 a\u011f\u0131r silahlarla donat\u0131lm\u0131\u015f onlarca arac\u0131 ta\u015f\u0131d\u0131klar\u0131 cephane ve ter\u00f6ristlerle birlikte imha ettiklerini belirtti<\/p>\n","protected":false},"excerpt":{"rendered":"<p>SANA\u2019ya a\u00e7\u0131klama yapan askeri bir kaynak \u00e7okuluslu tekfirci ve kiral\u0131k ter\u00f6ristlere y\u00f6nelik operasyonlar\u0131 kapsam\u0131nda ordu birliklerimizin Hama k\u0131rsal\u0131n At\u015fan ve Skeyk b\u00f6lgelerine ek olarak Homs k\u0131rsal\u0131n\u0131n g\u00fcneydo\u011fusu Karyeteyn Kenti civar\u0131nda bir k\u0131sm\u0131 a\u011f\u0131r silahlarla donat\u0131lm\u0131\u015f onlarca arac\u0131 ta\u015f\u0131d\u0131klar\u0131 cephane ve ter\u00f6ristlerle birlikte imha ettiklerini belirtti<\/p>\n","protected":false},"author":1,"featured_media":0,"comment_status":"closed","ping_status":"closed","sticky":false,"template":"","format":"standard","meta":{"footnotes":""},"categories":[17991],"tags":[],"class_list":["post-62214","post","type-post","status-publish","format-standard","","category-son-dakika"],"_links":{"self":[{"href":"https:\/\/archive.sana.sy\/tr\/index.php?rest_route=\/wp\/v2\/posts\/62214","targetHints":{"allow":["GET"]}}],"collection":[{"href":"https:\/\/archive.sana.sy\/tr\/index.php?rest_route=\/wp\/v2\/posts"}],"about":[{"href":"https:\/\/archive.sana.sy\/tr\/index.php?rest_route=\/wp\/v2\/types\/post"}],"author":[{"embeddable":true,"href":"https:\/\/archive.sana.sy\/tr\/index.php?rest_route=\/wp\/v2\/users\/1"}],"replies":[{"embeddable":true,"href":"https:\/\/archive.sana.sy\/tr\/index.php?rest_route=%2Fwp%2Fv2%2Fcomments&post=62214"}],"version-history":[{"count":0,"href":"https:\/\/archive.sana.sy\/tr\/index.php?rest_route=\/wp\/v2\/posts\/62214\/revisions"}],"wp:attachment":[{"href":"https:\/\/archive.sana.sy\/tr\/index.php?rest_route=%2Fwp%2Fv2%2Fmedia&parent=62214"}],"wp:term":[{"taxonomy":"category","embeddable":true,"href":"https:\/\/archive.sana.sy\/tr\/index.php?rest_route=%2Fwp%2Fv2%2Fcategories&post=62214"},{"taxonomy":"post_tag","embeddable":true,"href":"https:\/\/archive.sana.sy\/tr\/index.php?rest_route=%2Fwp%2Fv2%2Ftags&post=62214"}],"curies":[{"name":"wp","href":"https:\/\/api.w.org\/{rel}","templated":true}]}}