{"id":62248,"date":"2016-02-21T09:30:48","date_gmt":"2016-02-21T07:30:48","guid":{"rendered":"http:\/\/www.sana.sy\/tr\/?p=62248"},"modified":"2016-02-21T12:33:19","modified_gmt":"2016-02-21T10:33:19","slug":"sana-kameralari-kensabba-beldesinde-dolasti","status":"publish","type":"post","link":"https:\/\/archive.sana.sy\/tr\/?p=62248","title":{"rendered":"SANA Kameralar\u0131 Kensabba Beldesinde Dola\u015ft\u0131"},"content":{"rendered":"<p>SANA kameralar\u0131 ordu birliklerimizin Lazkiye k\u0131rsal\u0131nda Suriye halk\u0131na kin ve nefretiyle \u00e7okuluslu tekfirci ter\u00f6ristleri destekleyen Erdo\u011fan rejiminin komutas\u0131ndaki ter\u00f6ristleri a\u011f\u0131r kay\u0131plara u\u011fratmalar\u0131 ard\u0131ndan kontrollerine ald\u0131klar\u0131 Kensabba Beldesinde dola\u015ft\u0131<\/p>\n<p>https:\/\/www.youtube.com\/watch?v=6yQ41FFYsz8<\/p>\n<p>R.H.<\/p>\n","protected":false},"excerpt":{"rendered":"<p>SANA kameralar\u0131 ordu birliklerimizin Lazkiye k\u0131rsal\u0131nda Suriye halk\u0131na kin ve nefretiyle \u00e7okuluslu tekfirci ter\u00f6ristleri destekleyen Erdo\u011fan rejiminin komutas\u0131ndaki ter\u00f6ristleri a\u011f\u0131r kay\u0131plara u\u011fratmalar\u0131 ard\u0131ndan kontrollerine ald\u0131klar\u0131 Kensabba Beldesinde dola\u015ft\u0131 https:\/\/www.youtube.com\/watch?v=6yQ41FFYsz8 R.H.<\/p>\n","protected":false},"author":1,"featured_media":62250,"comment_status":"closed","ping_status":"closed","sticky":false,"template":"","format":"standard","meta":{"footnotes":""},"categories":[18295],"tags":[19385],"class_list":["post-62248","post","type-post","status-publish","format-standard","has-post-thumbnail","","category-sana-video","tag-sana-kameralari-kensabba-beldesinde-dolasti"],"_links":{"self":[{"href":"https:\/\/archive.sana.sy\/tr\/index.php?rest_route=\/wp\/v2\/posts\/62248","targetHints":{"allow":["GET"]}}],"collection":[{"href":"https:\/\/archive.sana.sy\/tr\/index.php?rest_route=\/wp\/v2\/posts"}],"about":[{"href":"https:\/\/archive.sana.sy\/tr\/index.php?rest_route=\/wp\/v2\/types\/post"}],"author":[{"embeddable":true,"href":"https:\/\/archive.sana.sy\/tr\/index.php?rest_route=\/wp\/v2\/users\/1"}],"replies":[{"embeddable":true,"href":"https:\/\/archive.sana.sy\/tr\/index.php?rest_route=%2Fwp%2Fv2%2Fcomments&post=62248"}],"version-history":[{"count":0,"href":"https:\/\/archive.sana.sy\/tr\/index.php?rest_route=\/wp\/v2\/posts\/62248\/revisions"}],"wp:featuredmedia":[{"embeddable":true,"href":"https:\/\/archive.sana.sy\/tr\/index.php?rest_route=\/wp\/v2\/media\/62250"}],"wp:attachment":[{"href":"https:\/\/archive.sana.sy\/tr\/index.php?rest_route=%2Fwp%2Fv2%2Fmedia&parent=62248"}],"wp:term":[{"taxonomy":"category","embeddable":true,"href":"https:\/\/archive.sana.sy\/tr\/index.php?rest_route=%2Fwp%2Fv2%2Fcategories&post=62248"},{"taxonomy":"post_tag","embeddable":true,"href":"https:\/\/archive.sana.sy\/tr\/index.php?rest_route=%2Fwp%2Fv2%2Ftags&post=62248"}],"curies":[{"name":"wp","href":"https:\/\/api.w.org\/{rel}","templated":true}]}}