{"id":62258,"date":"2016-02-21T09:42:04","date_gmt":"2016-02-21T07:42:04","guid":{"rendered":"http:\/\/www.sana.sy\/tr\/?p=62258"},"modified":"2016-02-21T12:42:56","modified_gmt":"2016-02-21T10:42:56","slug":"homs-valisi-telal-el-berazi-sanaya-yaptigi-aciklamada-teroristlerin-sabah-saatlerinde-kentin-ana-caddesi-sittin-caddesinde-ermen-semti-girisi-yakinlarinda-buyuk-miktarda-patlayiciyla-hazirla","status":"publish","type":"post","link":"https:\/\/archive.sana.sy\/tr\/?p=62258","title":{"rendered":"Homs Valisi Telal el Berazi SANA\u2019ya yapt\u0131\u011f\u0131 a\u00e7\u0131klamada; ter\u00f6ristlerin sabah saatlerinde kentin ana caddesi Sittin Caddesinde Ermen Semti giri\u015fi yak\u0131nlar\u0131nda b\u00fcy\u00fck miktarda patlay\u0131c\u0131yla haz\u0131rlanm\u0131\u015f bombal\u0131 iki arac\u0131 havaya u\u00e7urduklar\u0131n\u0131 belirtti"},"content":{"rendered":"<p>Homs Valisi Telal el Berazi SANA\u2019ya yapt\u0131\u011f\u0131 a\u00e7\u0131klamada; ter\u00f6ristlerin sabah saatlerinde kentin ana caddesi Sittin Caddesinde Ermen Semti giri\u015fi yak\u0131nlar\u0131nda b\u00fcy\u00fck miktarda patlay\u0131c\u0131yla haz\u0131rlanm\u0131\u015f bombal\u0131 iki arac\u0131 havaya u\u00e7urduklar\u0131n\u0131 belirtti<\/p>\n","protected":false},"excerpt":{"rendered":"<p>Homs Valisi Telal el Berazi SANA\u2019ya yapt\u0131\u011f\u0131 a\u00e7\u0131klamada; ter\u00f6ristlerin sabah saatlerinde kentin ana caddesi Sittin Caddesinde Ermen Semti giri\u015fi yak\u0131nlar\u0131nda b\u00fcy\u00fck miktarda patlay\u0131c\u0131yla haz\u0131rlanm\u0131\u015f bombal\u0131 iki arac\u0131 havaya u\u00e7urduklar\u0131n\u0131 belirtti<\/p>\n","protected":false},"author":1,"featured_media":0,"comment_status":"closed","ping_status":"closed","sticky":false,"template":"","format":"standard","meta":{"footnotes":""},"categories":[17991],"tags":[],"class_list":["post-62258","post","type-post","status-publish","format-standard","","category-son-dakika"],"_links":{"self":[{"href":"https:\/\/archive.sana.sy\/tr\/index.php?rest_route=\/wp\/v2\/posts\/62258","targetHints":{"allow":["GET"]}}],"collection":[{"href":"https:\/\/archive.sana.sy\/tr\/index.php?rest_route=\/wp\/v2\/posts"}],"about":[{"href":"https:\/\/archive.sana.sy\/tr\/index.php?rest_route=\/wp\/v2\/types\/post"}],"author":[{"embeddable":true,"href":"https:\/\/archive.sana.sy\/tr\/index.php?rest_route=\/wp\/v2\/users\/1"}],"replies":[{"embeddable":true,"href":"https:\/\/archive.sana.sy\/tr\/index.php?rest_route=%2Fwp%2Fv2%2Fcomments&post=62258"}],"version-history":[{"count":0,"href":"https:\/\/archive.sana.sy\/tr\/index.php?rest_route=\/wp\/v2\/posts\/62258\/revisions"}],"wp:attachment":[{"href":"https:\/\/archive.sana.sy\/tr\/index.php?rest_route=%2Fwp%2Fv2%2Fmedia&parent=62258"}],"wp:term":[{"taxonomy":"category","embeddable":true,"href":"https:\/\/archive.sana.sy\/tr\/index.php?rest_route=%2Fwp%2Fv2%2Fcategories&post=62258"},{"taxonomy":"post_tag","embeddable":true,"href":"https:\/\/archive.sana.sy\/tr\/index.php?rest_route=%2Fwp%2Fv2%2Ftags&post=62258"}],"curies":[{"name":"wp","href":"https:\/\/api.w.org\/{rel}","templated":true}]}}