{"id":62262,"date":"2016-02-21T12:43:49","date_gmt":"2016-02-21T10:43:49","guid":{"rendered":"http:\/\/www.sana.sy\/tr\/?p=62262"},"modified":"2016-02-21T12:43:49","modified_gmt":"2016-02-21T10:43:49","slug":"yaralilarin-buyuk-bir-kisminin-agir-durumda-olduguna-dikkat-ceken-homs-valisi-dolayisiyla-sehit-sayisinin-yukselebilecegine-isaret-etti","status":"publish","type":"post","link":"https:\/\/archive.sana.sy\/tr\/?p=62262","title":{"rendered":"Yaral\u0131lar\u0131n b\u00fcy\u00fck bir k\u0131sm\u0131n\u0131n a\u011f\u0131r durumda oldu\u011funa dikkat \u00e7eken Homs Valisi, dolay\u0131s\u0131yla \u015fehit say\u0131s\u0131n\u0131n y\u00fckselebilece\u011fine i\u015faret etti"},"content":{"rendered":"<p>Yaral\u0131lar\u0131n b\u00fcy\u00fck bir k\u0131sm\u0131n\u0131n a\u011f\u0131r durumda oldu\u011funa dikkat \u00e7eken Homs Valisi, dolay\u0131s\u0131yla \u015fehit say\u0131s\u0131n\u0131n y\u00fckselebilece\u011fine i\u015faret etti<\/p>\n","protected":false},"excerpt":{"rendered":"<p>Yaral\u0131lar\u0131n b\u00fcy\u00fck bir k\u0131sm\u0131n\u0131n a\u011f\u0131r durumda oldu\u011funa dikkat \u00e7eken Homs Valisi, dolay\u0131s\u0131yla \u015fehit say\u0131s\u0131n\u0131n y\u00fckselebilece\u011fine i\u015faret etti<\/p>\n","protected":false},"author":1,"featured_media":0,"comment_status":"closed","ping_status":"closed","sticky":false,"template":"","format":"standard","meta":{"footnotes":""},"categories":[17991],"tags":[],"class_list":["post-62262","post","type-post","status-publish","format-standard","","category-son-dakika"],"_links":{"self":[{"href":"https:\/\/archive.sana.sy\/tr\/index.php?rest_route=\/wp\/v2\/posts\/62262","targetHints":{"allow":["GET"]}}],"collection":[{"href":"https:\/\/archive.sana.sy\/tr\/index.php?rest_route=\/wp\/v2\/posts"}],"about":[{"href":"https:\/\/archive.sana.sy\/tr\/index.php?rest_route=\/wp\/v2\/types\/post"}],"author":[{"embeddable":true,"href":"https:\/\/archive.sana.sy\/tr\/index.php?rest_route=\/wp\/v2\/users\/1"}],"replies":[{"embeddable":true,"href":"https:\/\/archive.sana.sy\/tr\/index.php?rest_route=%2Fwp%2Fv2%2Fcomments&post=62262"}],"version-history":[{"count":0,"href":"https:\/\/archive.sana.sy\/tr\/index.php?rest_route=\/wp\/v2\/posts\/62262\/revisions"}],"wp:attachment":[{"href":"https:\/\/archive.sana.sy\/tr\/index.php?rest_route=%2Fwp%2Fv2%2Fmedia&parent=62262"}],"wp:term":[{"taxonomy":"category","embeddable":true,"href":"https:\/\/archive.sana.sy\/tr\/index.php?rest_route=%2Fwp%2Fv2%2Fcategories&post=62262"},{"taxonomy":"post_tag","embeddable":true,"href":"https:\/\/archive.sana.sy\/tr\/index.php?rest_route=%2Fwp%2Fv2%2Ftags&post=62262"}],"curies":[{"name":"wp","href":"https:\/\/api.w.org\/{rel}","templated":true}]}}