{"id":62268,"date":"2016-02-21T08:28:28","date_gmt":"2016-02-21T06:28:28","guid":{"rendered":"http:\/\/www.sana.sy\/tr\/?p=62268"},"modified":"2016-02-21T12:52:13","modified_gmt":"2016-02-21T10:52:13","slug":"halep-ve-kirsalinda-suriye-halkina-dusman-erdogan-ve-al-suud-rejimlerinin-komutasinda-teror-estiren-ceteleri-ciddi-kayiplara-ugratmaya-devam-eden-ordu-birliklerimizden-saha-kaynaklari-vatan-koruyucula","status":"publish","type":"post","link":"https:\/\/archive.sana.sy\/tr\/?p=62268","title":{"rendered":"Halep ve k\u0131rsal\u0131nda Suriye halk\u0131na d\u00fc\u015fman Erdo\u011fan ve Al Suud rejimlerinin komutas\u0131nda ter\u00f6r estiren \u00e7eteleri ciddi kay\u0131plara u\u011fratmaya devam eden ordu birliklerimizden saha kaynaklar\u0131 vatan koruyucular\u0131m\u0131z\u0131n il k\u0131rsal\u0131n\u0131n do\u011fusu Huveycina ve Sbayhiye k\u00f6ylerine ek olarak Fauri ve Riyman tepelerini tekfircilerden temizleyip kontrollerine ge\u00e7irdiklerini aktard\u0131"},"content":{"rendered":"<p>Halep ve k\u0131rsal\u0131nda Suriye halk\u0131na d\u00fc\u015fman Erdo\u011fan ve Al Suud rejimlerinin komutas\u0131nda ter\u00f6r estiren \u00e7eteleri ciddi kay\u0131plara u\u011fratmaya devam eden ordu birliklerimizden saha kaynaklar\u0131 vatan koruyucular\u0131m\u0131z\u0131n il k\u0131rsal\u0131n\u0131n do\u011fusu Huveycina ve Sbayhiye k\u00f6ylerine ek olarak Fauri ve Riyman tepelerini tekfircilerden temizleyip kontrollerine ge\u00e7irdiklerini aktard\u0131<\/p>\n","protected":false},"excerpt":{"rendered":"<p>Halep ve k\u0131rsal\u0131nda Suriye halk\u0131na d\u00fc\u015fman Erdo\u011fan ve Al Suud rejimlerinin komutas\u0131nda ter\u00f6r estiren \u00e7eteleri ciddi kay\u0131plara u\u011fratmaya devam eden ordu birliklerimizden saha kaynaklar\u0131 vatan koruyucular\u0131m\u0131z\u0131n il k\u0131rsal\u0131n\u0131n do\u011fusu Huveycina ve Sbayhiye k\u00f6ylerine ek olarak Fauri ve Riyman tepelerini tekfircilerden temizleyip kontrollerine ge\u00e7irdiklerini aktard\u0131<\/p>\n","protected":false},"author":1,"featured_media":0,"comment_status":"closed","ping_status":"closed","sticky":false,"template":"","format":"standard","meta":{"footnotes":""},"categories":[17991],"tags":[],"class_list":["post-62268","post","type-post","status-publish","format-standard","","category-son-dakika"],"_links":{"self":[{"href":"https:\/\/archive.sana.sy\/tr\/index.php?rest_route=\/wp\/v2\/posts\/62268","targetHints":{"allow":["GET"]}}],"collection":[{"href":"https:\/\/archive.sana.sy\/tr\/index.php?rest_route=\/wp\/v2\/posts"}],"about":[{"href":"https:\/\/archive.sana.sy\/tr\/index.php?rest_route=\/wp\/v2\/types\/post"}],"author":[{"embeddable":true,"href":"https:\/\/archive.sana.sy\/tr\/index.php?rest_route=\/wp\/v2\/users\/1"}],"replies":[{"embeddable":true,"href":"https:\/\/archive.sana.sy\/tr\/index.php?rest_route=%2Fwp%2Fv2%2Fcomments&post=62268"}],"version-history":[{"count":0,"href":"https:\/\/archive.sana.sy\/tr\/index.php?rest_route=\/wp\/v2\/posts\/62268\/revisions"}],"wp:attachment":[{"href":"https:\/\/archive.sana.sy\/tr\/index.php?rest_route=%2Fwp%2Fv2%2Fmedia&parent=62268"}],"wp:term":[{"taxonomy":"category","embeddable":true,"href":"https:\/\/archive.sana.sy\/tr\/index.php?rest_route=%2Fwp%2Fv2%2Fcategories&post=62268"},{"taxonomy":"post_tag","embeddable":true,"href":"https:\/\/archive.sana.sy\/tr\/index.php?rest_route=%2Fwp%2Fv2%2Ftags&post=62268"}],"curies":[{"name":"wp","href":"https:\/\/api.w.org\/{rel}","templated":true}]}}