{"id":62272,"date":"2016-02-21T12:03:11","date_gmt":"2016-02-21T10:03:11","guid":{"rendered":"http:\/\/www.sana.sy\/tr\/?p=62272"},"modified":"2016-02-21T13:04:35","modified_gmt":"2016-02-21T11:04:35","slug":"dera-valiligi-ilde-onde-gelen-sosyal-sahsiyetler-ve-sivil-faaliyetlerin-katilimiyla-dera-kentindeki-kultur-merkezinde-herkese-baris-slogani-altinda-bir-ulusal-uzlasma-faaliyeti-basla","status":"publish","type":"post","link":"https:\/\/archive.sana.sy\/tr\/?p=62272","title":{"rendered":"Dera Valili\u011fi ilde \u00f6nde gelen sosyal \u015fahsiyetler ve sivil faaliyetlerin kat\u0131l\u0131m\u0131yla Dera Kentindeki K\u00fclt\u00fcr Merkezinde \u2018Herkese Bar\u0131\u015f\u2019 slogan\u0131 alt\u0131nda bir ulusal uzla\u015fma faaliyeti ba\u015flatt\u0131"},"content":{"rendered":"<p>Dera Valili\u011fi ilde \u00f6nde gelen sosyal \u015fahsiyetler ve sivil faaliyetlerin kat\u0131l\u0131m\u0131yla Dera Kentindeki K\u00fclt\u00fcr Merkezinde \u2018Herkese Bar\u0131\u015f\u2019 slogan\u0131 alt\u0131nda bir ulusal uzla\u015fma faaliyeti ba\u015flatt\u0131<\/p>\n","protected":false},"excerpt":{"rendered":"<p>Dera Valili\u011fi ilde \u00f6nde gelen sosyal \u015fahsiyetler ve sivil faaliyetlerin kat\u0131l\u0131m\u0131yla Dera Kentindeki K\u00fclt\u00fcr Merkezinde \u2018Herkese Bar\u0131\u015f\u2019 slogan\u0131 alt\u0131nda bir ulusal uzla\u015fma faaliyeti ba\u015flatt\u0131<\/p>\n","protected":false},"author":1,"featured_media":0,"comment_status":"closed","ping_status":"closed","sticky":false,"template":"","format":"standard","meta":{"footnotes":""},"categories":[17991],"tags":[],"class_list":["post-62272","post","type-post","status-publish","format-standard","","category-son-dakika"],"_links":{"self":[{"href":"https:\/\/archive.sana.sy\/tr\/index.php?rest_route=\/wp\/v2\/posts\/62272","targetHints":{"allow":["GET"]}}],"collection":[{"href":"https:\/\/archive.sana.sy\/tr\/index.php?rest_route=\/wp\/v2\/posts"}],"about":[{"href":"https:\/\/archive.sana.sy\/tr\/index.php?rest_route=\/wp\/v2\/types\/post"}],"author":[{"embeddable":true,"href":"https:\/\/archive.sana.sy\/tr\/index.php?rest_route=\/wp\/v2\/users\/1"}],"replies":[{"embeddable":true,"href":"https:\/\/archive.sana.sy\/tr\/index.php?rest_route=%2Fwp%2Fv2%2Fcomments&post=62272"}],"version-history":[{"count":0,"href":"https:\/\/archive.sana.sy\/tr\/index.php?rest_route=\/wp\/v2\/posts\/62272\/revisions"}],"wp:attachment":[{"href":"https:\/\/archive.sana.sy\/tr\/index.php?rest_route=%2Fwp%2Fv2%2Fmedia&parent=62272"}],"wp:term":[{"taxonomy":"category","embeddable":true,"href":"https:\/\/archive.sana.sy\/tr\/index.php?rest_route=%2Fwp%2Fv2%2Fcategories&post=62272"},{"taxonomy":"post_tag","embeddable":true,"href":"https:\/\/archive.sana.sy\/tr\/index.php?rest_route=%2Fwp%2Fv2%2Ftags&post=62272"}],"curies":[{"name":"wp","href":"https:\/\/api.w.org\/{rel}","templated":true}]}}