{"id":62280,"date":"2016-02-21T13:35:07","date_gmt":"2016-02-21T11:35:07","guid":{"rendered":"http:\/\/www.sana.sy\/tr\/?p=62280"},"modified":"2016-02-21T13:36:06","modified_gmt":"2016-02-21T11:36:06","slug":"havzalarinda-esrar-ve-captagonla-yakalandilar","status":"publish","type":"post","link":"https:\/\/archive.sana.sy\/tr\/?p=62280","title":{"rendered":"Havzalar\u0131nda Esrar ve Captagonla Yakaland\u0131lar"},"content":{"rendered":"<p>\u015eAM \u2013 \u0130\u00e7i\u015fleri Bakanl\u0131\u011f\u0131nda yetkili bir kaynak uyu\u015fturucuyla m\u00fccadele ekiplerinin bug\u00fcn \u015eam\u2019da uyu\u015fturucu ticareti yapan iki ki\u015fiyi tutuklad\u0131klar\u0131n\u0131 belirtti.<\/p>\n<p>Kaynak yakalanan \u015fah\u0131slar\u0131n havzalar\u0131nda 37,5 kg esrar\u0131n yan\u0131 s\u0131ra 16 bin adet cabtagon hap\u0131 ele ge\u00e7irildi\u011fini a\u00e7\u0131klad\u0131.<\/p>\n<p>T\u00fcrkiye rejimi ve daha ba\u015fka taraflar\u0131n her t\u00fcrl\u00fc deste\u011fi temin ettikleri ter\u00f6r \u00e7etelerinin yay\u0131lmas\u0131yla \u00f6zellikle bu \u00e7etelerin bulunduklar\u0131 b\u00f6lgelerde bu gibi uyu\u015fturucu kullan\u0131m\u0131 yayg\u0131n bir hal ald\u0131.<\/p>\n<p>R.H.<\/p>\n","protected":false},"excerpt":{"rendered":"<p>\u015eAM \u2013 \u0130\u00e7i\u015fleri Bakanl\u0131\u011f\u0131nda yetkili bir kaynak uyu\u015fturucuyla m\u00fccadele ekiplerinin bug\u00fcn \u015eam\u2019da uyu\u015fturucu ticareti yapan iki ki\u015fiyi tutuklad\u0131klar\u0131n\u0131 belirtti. Kaynak yakalanan \u015fah\u0131slar\u0131n havzalar\u0131nda 37,5 kg esrar\u0131n yan\u0131 s\u0131ra 16 bin adet cabtagon hap\u0131 ele ge\u00e7irildi\u011fini a\u00e7\u0131klad\u0131. T\u00fcrkiye rejimi ve daha ba\u015fka taraflar\u0131n her t\u00fcrl\u00fc deste\u011fi temin ettikleri ter\u00f6r \u00e7etelerinin yay\u0131lmas\u0131yla \u00f6zellikle bu \u00e7etelerin bulunduklar\u0131 b\u00f6lgelerde &hellip;<\/p>\n","protected":false},"author":1,"featured_media":32938,"comment_status":"closed","ping_status":"closed","sticky":false,"template":"","format":"standard","meta":{"footnotes":""},"categories":[485,486,17988],"tags":[19390,19391],"class_list":["post-62280","post","type-post","status-publish","format-standard","has-post-thumbnail","","category-is-ve-sermaye","category-haberler-is-ve-sermaye","category-son-haberler","tag-havzalarinda-esrar-ve-captagonla-yakalandilar","tag-icisleri-bakanlig"],"_links":{"self":[{"href":"https:\/\/archive.sana.sy\/tr\/index.php?rest_route=\/wp\/v2\/posts\/62280","targetHints":{"allow":["GET"]}}],"collection":[{"href":"https:\/\/archive.sana.sy\/tr\/index.php?rest_route=\/wp\/v2\/posts"}],"about":[{"href":"https:\/\/archive.sana.sy\/tr\/index.php?rest_route=\/wp\/v2\/types\/post"}],"author":[{"embeddable":true,"href":"https:\/\/archive.sana.sy\/tr\/index.php?rest_route=\/wp\/v2\/users\/1"}],"replies":[{"embeddable":true,"href":"https:\/\/archive.sana.sy\/tr\/index.php?rest_route=%2Fwp%2Fv2%2Fcomments&post=62280"}],"version-history":[{"count":0,"href":"https:\/\/archive.sana.sy\/tr\/index.php?rest_route=\/wp\/v2\/posts\/62280\/revisions"}],"wp:featuredmedia":[{"embeddable":true,"href":"https:\/\/archive.sana.sy\/tr\/index.php?rest_route=\/wp\/v2\/media\/32938"}],"wp:attachment":[{"href":"https:\/\/archive.sana.sy\/tr\/index.php?rest_route=%2Fwp%2Fv2%2Fmedia&parent=62280"}],"wp:term":[{"taxonomy":"category","embeddable":true,"href":"https:\/\/archive.sana.sy\/tr\/index.php?rest_route=%2Fwp%2Fv2%2Fcategories&post=62280"},{"taxonomy":"post_tag","embeddable":true,"href":"https:\/\/archive.sana.sy\/tr\/index.php?rest_route=%2Fwp%2Fv2%2Ftags&post=62280"}],"curies":[{"name":"wp","href":"https:\/\/api.w.org\/{rel}","templated":true}]}}